{"id":2157,"date":"2014-03-10T00:02:00","date_gmt":"2014-03-09T23:02:00","guid":{"rendered":"http:\/\/santpedor.net\/wp\/?p=2157"},"modified":"2016-10-24T00:08:18","modified_gmt":"2016-10-23T22:08:18","slug":"la-cup-treu-el-cap-a-santpedor-2","status":"publish","type":"post","link":"https:\/\/santpedor.net\/radio\/la-cup-treu-el-cap-a-santpedor-2\/","title":{"rendered":"La CUP treu el cap a Santpedor"},"content":{"rendered":"<p>En el pla\u00e7a Gran d\u2019aquest mar\u00e7 tamb\u00e9 vam parlar amb un dels portaveus del grup de suport a la CUP de Santpedor i Castellnou, el Marc Costa. Va venir al programa a explicar-nos que han creat aquest grup sense la intenci\u00f3 inicial de presentar-se a les eleccions municipals de l\u2019any que ve, sin\u00f3 per fomentar el debat i la participaci\u00f3 dels ciutadans en la pol\u00edtica. El dia 28 de mar\u00e7 faran un acte al Born per presentar-se.<\/p>\n","protected":false},"excerpt":{"rendered":"<p>En el pla\u00e7a Gran d\u2019aquest mar\u00e7 tamb\u00e9 vam parlar amb un dels portaveus del grup de suport a la CUP de Santpedor i Castellnou, el Marc Costa. Va venir al programa a explicar-nos que han creat aquest grup sense la intenci\u00f3 inicial de presentar-se a les eleccions municipals de l\u2019any que ve, sin\u00f3 per fomentar [&hellip;]<\/p>\n","protected":false},"author":4,"featured_media":0,"comment_status":"closed","ping_status":"closed","sticky":false,"template":"","format":"standard","meta":{"footnotes":""},"categories":[3,356,535],"tags":[7,102,96,409,113],"class_list":{"0":"post-2157","1":"post","2":"type-post","3":"status-publish","4":"format-standard","6":"category-noticies","7":"category-placa-gran","8":"category-programes","9":"tag-ajuntament","10":"tag-cup","11":"tag-placa-gran","12":"tag-ple-municipal","13":"tag-santpedor"},"_links":{"self":[{"href":"https:\/\/santpedor.net\/radio\/wp-json\/wp\/v2\/posts\/2157","targetHints":{"allow":["GET"]}}],"collection":[{"href":"https:\/\/santpedor.net\/radio\/wp-json\/wp\/v2\/posts"}],"about":[{"href":"https:\/\/santpedor.net\/radio\/wp-json\/wp\/v2\/types\/post"}],"author":[{"embeddable":true,"href":"https:\/\/santpedor.net\/radio\/wp-json\/wp\/v2\/users\/4"}],"replies":[{"embeddable":true,"href":"https:\/\/santpedor.net\/radio\/wp-json\/wp\/v2\/comments?post=2157"}],"version-history":[{"count":0,"href":"https:\/\/santpedor.net\/radio\/wp-json\/wp\/v2\/posts\/2157\/revisions"}],"wp:attachment":[{"href":"https:\/\/santpedor.net\/radio\/wp-json\/wp\/v2\/media?parent=2157"}],"wp:term":[{"taxonomy":"category","embeddable":true,"href":"https:\/\/santpedor.net\/radio\/wp-json\/wp\/v2\/categories?post=2157"},{"taxonomy":"post_tag","embeddable":true,"href":"https:\/\/santpedor.net\/radio\/wp-json\/wp\/v2\/tags?post=2157"}],"curies":[{"name":"wp","href":"https:\/\/api.w.org\/{rel}","templated":true}]}}