{"id":3025,"date":"2014-11-19T14:26:26","date_gmt":"2014-11-19T13:26:26","guid":{"rendered":"http:\/\/santpedor.net\/wp\/?p=3025"},"modified":"2014-11-19T14:26:26","modified_gmt":"2014-11-19T13:26:26","slug":"el-sisi-arrasa-a-santpedor-i-castellnou-de-bages-pel-9n","status":"publish","type":"post","link":"https:\/\/santpedor.net\/radio\/el-sisi-arrasa-a-santpedor-i-castellnou-de-bages-pel-9n\/","title":{"rendered":"El S\u00cdS\u00cd arrasa a Santpedor i Castellnou de Bages pel 9N"},"content":{"rendered":"<p>Fins a 3408 santpedorencs es van apropar el 9N a l\u2019institut IES d\u2019Auro per donar la seva opini\u00f3 sobre el futur que volen per Catalunya. Aproximadament un 60% del cens electoral del poble. La opci\u00f3 m\u00e9s votada va ser el S\u00cdS\u00cd, que es va imposar amb un 88% del vots. A Castellnou van votar 476 persones, 403 de les quals van optar pel S\u00cdS\u00cd. Aquestes dades estan per sobre de la participaci\u00f3 aproximada a la resta del pa\u00eds, que, sempre partint de censos aproximats perqu\u00e8 no hi havia cens oficial en aquesta ocasi\u00f3, vorejaria el 50%, amb un 80% de vots a favor del S\u00cdS\u00cd.<\/p>\n<blockquote><p>Fins a 3408 santpedorencs van votar, aix\u00f2 suposa casi un 60% del cens electoral de les \u00faltimes eleccions<\/p><\/blockquote>\n<figure id=\"attachment_3040\" aria-describedby=\"caption-attachment-3040\" style=\"width: 195px\" class=\"wp-caption alignright\"><a href=\"http:\/\/santpedor.net\/radio\/wp-content\/uploads\/2014\/11\/9N-inicial2.jpg\"><img loading=\"lazy\" decoding=\"async\" class=\" wp-image-3040\" src=\"http:\/\/santpedor.net\/radio\/wp-content\/uploads\/2014\/11\/9N-inicial2-300x232.jpg\" alt=\"9N\" width=\"195\" height=\"125\" \/><\/a><figcaption id=\"caption-attachment-3040\" class=\"wp-caption-text\">Imatge promocional del 9N<\/figcaption><\/figure>\n<p>En la tert\u00falia pol\u00edtica de l\u2019especial 9N que va emetre R\u00e0dio Santpedor, els representants pol\u00edtics del poble presents a l\u2019estudi, Xavier Codina d\u2019ERC, Jaume Pelegr\u00ed d\u2019UCD, Xavier Claus de CDC i Josep Boladeras de SI, van valorar molt positivament l\u2019alta participaci\u00f3 a la nostra vila.<\/p>\n<p>Cal recalcar que fins el 25 de novembre encara es pot votar. Els habitants de la Catalunya central que no participessin el 9N poden fer-ho al Palau Firal de Manresa.<\/p>\n","protected":false},"excerpt":{"rendered":"<p>Fins a 3408 santpedorencs es van apropar el 9N a l\u2019institut IES d\u2019Auro per donar la seva opini\u00f3 sobre el futur que volen per Catalunya. Aproximadament un 60% del cens electoral del poble. La opci\u00f3 m\u00e9s votada va ser el S\u00cdS\u00cd, que es va imposar amb un 88% del vots. A Castellnou van votar 476 [&hellip;]<\/p>\n","protected":false},"author":1,"featured_media":3026,"comment_status":"closed","ping_status":"closed","sticky":false,"template":"","format":"image","meta":{"footnotes":""},"categories":[3],"tags":[101,29,46,114,115,39,113,116],"class_list":{"0":"post-3025","1":"post","2":"type-post","3":"status-publish","4":"format-image","5":"has-post-thumbnail","7":"category-noticies","8":"tag-9n","9":"tag-castellnou-de-bages","10":"tag-ies-dauro","11":"tag-independencia","12":"tag-palau-firal","13":"tag-radio-santpedor","14":"tag-santpedor","15":"tag-sisi","16":"post_format-post-format-image"},"_links":{"self":[{"href":"https:\/\/santpedor.net\/radio\/wp-json\/wp\/v2\/posts\/3025","targetHints":{"allow":["GET"]}}],"collection":[{"href":"https:\/\/santpedor.net\/radio\/wp-json\/wp\/v2\/posts"}],"about":[{"href":"https:\/\/santpedor.net\/radio\/wp-json\/wp\/v2\/types\/post"}],"author":[{"embeddable":true,"href":"https:\/\/santpedor.net\/radio\/wp-json\/wp\/v2\/users\/1"}],"replies":[{"embeddable":true,"href":"https:\/\/santpedor.net\/radio\/wp-json\/wp\/v2\/comments?post=3025"}],"version-history":[{"count":0,"href":"https:\/\/santpedor.net\/radio\/wp-json\/wp\/v2\/posts\/3025\/revisions"}],"wp:featuredmedia":[{"embeddable":true,"href":"https:\/\/santpedor.net\/radio\/wp-json\/wp\/v2\/media\/3026"}],"wp:attachment":[{"href":"https:\/\/santpedor.net\/radio\/wp-json\/wp\/v2\/media?parent=3025"}],"wp:term":[{"taxonomy":"category","embeddable":true,"href":"https:\/\/santpedor.net\/radio\/wp-json\/wp\/v2\/categories?post=3025"},{"taxonomy":"post_tag","embeddable":true,"href":"https:\/\/santpedor.net\/radio\/wp-json\/wp\/v2\/tags?post=3025"}],"curies":[{"name":"wp","href":"https:\/\/api.w.org\/{rel}","templated":true}]}}