{"id":33,"date":"2013-12-20T12:22:24","date_gmt":"2013-12-20T12:22:24","guid":{"rendered":"http:\/\/radio.santpedor.net\/wp\/?p=33"},"modified":"2013-12-20T12:22:24","modified_gmt":"2013-12-20T12:22:24","slug":"santpedor-col%e2%80%a2labora-amb-la-marato-de-tv3-amb-un-espectacle-de-magia-a-cal-llovet","status":"publish","type":"post","link":"https:\/\/santpedor.net\/radio\/santpedor-col%e2%80%a2labora-amb-la-marato-de-tv3-amb-un-espectacle-de-magia-a-cal-llovet\/","title":{"rendered":"Santpedor col\u2022labora amb La Marat\u00f3 de TV3 amb un espectacle de m\u00e0gia a Cal Llovet"},"content":{"rendered":"<p>Avui, com cada any per aquestes dates, t\u00e9 lloc La Marat\u00f3 de TV3 i enguany, Santpedor s\u2019ha volgut pujar al tren de la solidaritat amb un esdeveniment molt especial. Es tracta d\u2019un espectacle de m\u00e0gia que ja ha comen\u00e7at i tindr\u00e0 lloc al llarg del dia a la sala de Cal Llovet. Les actuacions s\u00f3n a c\u00e0rrec l\u2019entitat recentment creada M\u00e0gia de la Catalunya Central, dirigida per Jordan Bosco, un mag bagenc amb traject\u00f2ria que va decidir omplir el buit que aquesta creixent afici\u00f3 t\u00e9 a la nostra comarca creant aquesta associaci\u00f3. Els beneficis generats amb l\u2019actuaci\u00f3 seran destinats en investigacions especialitzades en la lluita contra les malalties neurodegeneratives.<\/p>\n","protected":false},"excerpt":{"rendered":"<p>Avui, com cada any per aquestes dates, t\u00e9 lloc La Marat\u00f3 de TV3 i enguany, Santpedor s\u2019ha volgut pujar al tren de la solidaritat amb un esdeveniment molt especial. Es tracta d\u2019un espectacle de m\u00e0gia que ja ha comen\u00e7at i tindr\u00e0 lloc al llarg del dia a la sala de Cal Llovet. Les actuacions s\u00f3n [&hellip;]<\/p>\n","protected":false},"author":1,"featured_media":0,"comment_status":"open","ping_status":"open","sticky":false,"template":"","format":"standard","meta":{"footnotes":""},"categories":[3],"tags":[15,94],"class_list":{"0":"post-33","1":"post","2":"type-post","3":"status-publish","4":"format-standard","6":"category-noticies","7":"tag-cal-llovet","8":"tag-la-marato-de-3cat"},"_links":{"self":[{"href":"https:\/\/santpedor.net\/radio\/wp-json\/wp\/v2\/posts\/33","targetHints":{"allow":["GET"]}}],"collection":[{"href":"https:\/\/santpedor.net\/radio\/wp-json\/wp\/v2\/posts"}],"about":[{"href":"https:\/\/santpedor.net\/radio\/wp-json\/wp\/v2\/types\/post"}],"author":[{"embeddable":true,"href":"https:\/\/santpedor.net\/radio\/wp-json\/wp\/v2\/users\/1"}],"replies":[{"embeddable":true,"href":"https:\/\/santpedor.net\/radio\/wp-json\/wp\/v2\/comments?post=33"}],"version-history":[{"count":0,"href":"https:\/\/santpedor.net\/radio\/wp-json\/wp\/v2\/posts\/33\/revisions"}],"wp:attachment":[{"href":"https:\/\/santpedor.net\/radio\/wp-json\/wp\/v2\/media?parent=33"}],"wp:term":[{"taxonomy":"category","embeddable":true,"href":"https:\/\/santpedor.net\/radio\/wp-json\/wp\/v2\/categories?post=33"},{"taxonomy":"post_tag","embeddable":true,"href":"https:\/\/santpedor.net\/radio\/wp-json\/wp\/v2\/tags?post=33"}],"curies":[{"name":"wp","href":"https:\/\/api.w.org\/{rel}","templated":true}]}}