{"id":3584,"date":"2015-07-26T13:24:35","date_gmt":"2015-07-26T11:24:35","guid":{"rendered":"http:\/\/santpedor.net\/wp\/?p=3584"},"modified":"2015-07-26T13:24:35","modified_gmt":"2015-07-26T11:24:35","slug":"els-castellers-actuaran-a-la-meridiana-per-la-diada","status":"publish","type":"post","link":"https:\/\/santpedor.net\/radio\/els-castellers-actuaran-a-la-meridiana-per-la-diada\/","title":{"rendered":"Els castellers actuaran a la meridiana per la diada"},"content":{"rendered":"<p>Els castellers de Santpedor seran presents a la diada de l\u201911 de setembre. La colla actuar\u00e0 en la manifestaci\u00f3 a l&#8217;avinguda meridiana de Barcelona organitzada per l&#8217;Assemblea Nacional de Catalunya. L&#8217;ANC est\u00e0 invitant colles castelleres de tot el territori perqu\u00e8 participin de l&#8217;acte de la diada. Segons fonts de l&#8217;entitat, els castells s\u00f3n una met\u00e0fora del cam\u00ed a la independ\u00e8ncia que est\u00e0 emprenent el pa\u00eds.<\/p>\n<p>El cap de pinya de la colla castellera, Joel Pe\u00f1a, diu que en traslladar la proposta de l&#8217;ANC a la colla &#8220;la immensa majoria es va mostrar a favor de participar de la diada, ara queda nom\u00e9s acabar de lligar el lloguer de l&#8217;autob\u00fas que ens hi haur\u00e0 de portar&#8221;.<\/p>\n","protected":false},"excerpt":{"rendered":"<p>Els castellers de Santpedor seran presents a la diada de l\u201911 de setembre. La colla actuar\u00e0 en la manifestaci\u00f3 a l&#8217;avinguda meridiana de Barcelona organitzada per l&#8217;Assemblea Nacional de Catalunya. L&#8217;ANC est\u00e0 invitant colles castelleres de tot el territori perqu\u00e8 participin de l&#8217;acte de la diada. Segons fonts de l&#8217;entitat, els castells s\u00f3n una met\u00e0fora [&hellip;]<\/p>\n","protected":false},"author":1,"featured_media":3537,"comment_status":"closed","ping_status":"closed","sticky":false,"template":"","format":"image","meta":{"footnotes":""},"categories":[3],"tags":[186,187,188,79,189,190,113],"class_list":{"0":"post-3584","1":"post","2":"type-post","3":"status-publish","4":"format-image","5":"has-post-thumbnail","7":"category-noticies","8":"tag-11-s","9":"tag-anc","10":"tag-barcelona","11":"tag-castellers","12":"tag-meridiana","13":"tag-proces-sobiranista","14":"tag-santpedor","15":"post_format-post-format-image"},"_links":{"self":[{"href":"https:\/\/santpedor.net\/radio\/wp-json\/wp\/v2\/posts\/3584","targetHints":{"allow":["GET"]}}],"collection":[{"href":"https:\/\/santpedor.net\/radio\/wp-json\/wp\/v2\/posts"}],"about":[{"href":"https:\/\/santpedor.net\/radio\/wp-json\/wp\/v2\/types\/post"}],"author":[{"embeddable":true,"href":"https:\/\/santpedor.net\/radio\/wp-json\/wp\/v2\/users\/1"}],"replies":[{"embeddable":true,"href":"https:\/\/santpedor.net\/radio\/wp-json\/wp\/v2\/comments?post=3584"}],"version-history":[{"count":0,"href":"https:\/\/santpedor.net\/radio\/wp-json\/wp\/v2\/posts\/3584\/revisions"}],"wp:featuredmedia":[{"embeddable":true,"href":"https:\/\/santpedor.net\/radio\/wp-json\/wp\/v2\/media\/3537"}],"wp:attachment":[{"href":"https:\/\/santpedor.net\/radio\/wp-json\/wp\/v2\/media?parent=3584"}],"wp:term":[{"taxonomy":"category","embeddable":true,"href":"https:\/\/santpedor.net\/radio\/wp-json\/wp\/v2\/categories?post=3584"},{"taxonomy":"post_tag","embeddable":true,"href":"https:\/\/santpedor.net\/radio\/wp-json\/wp\/v2\/tags?post=3584"}],"curies":[{"name":"wp","href":"https:\/\/api.w.org\/{rel}","templated":true}]}}