{"id":3591,"date":"2015-07-26T13:52:05","date_gmt":"2015-07-26T11:52:05","guid":{"rendered":"http:\/\/santpedor.net\/wp\/?p=3591"},"modified":"2015-07-26T13:52:05","modified_gmt":"2015-07-26T11:52:05","slug":"santpedor-celebra-santa-anna-amb-un-gran-ventall-dactivitats","status":"publish","type":"post","link":"https:\/\/santpedor.net\/radio\/santpedor-celebra-santa-anna-amb-un-gran-ventall-dactivitats\/","title":{"rendered":"Santpedor celebra Santa Anna amb un gran ventall d&#8217;activitats"},"content":{"rendered":"<p>Durant aquest cap de setmana Santpedor celebrar una de les festivitats m\u00e9s senyalada del poble: Santa Anna.\u00a0\u00a0 El municipi vol recordar el seu primer vot de poble l\u2019any 1507 que es va fer a Santa Anna de Claret.<\/p>\n<p>Per commemorar aquest referent religi\u00f3s l\u2019Ajuntament de Santpedor i la comissi\u00f3 de la festa de Santa Anna han realitzat una gran varietat d\u2019actes I activitats a diferents punts del poble per implicar i donar a con\u00e8ixer aquesta festivitat.<\/p>\n<p>Els actes van comen\u00e7ar dimecres amb la xerrada sobre medicaci\u00f3 segura a c\u00e0rrec de la farmac\u00e8utica Concha Antol\u00edn. Divendres hi va haver la piscina nocturna. Ahir, dissabte els actes es van repartir durant tot el dia: es va fer un berenar i ball de sant Jaume a la pla\u00e7a gran, m\u00e9s tard l\u2019alcalde, Xavier Codina, va lliurar l\u2019ofrena al rector de Santpedor i, a m\u00e9s el C.F. Santpedor va lliurar la bandera de la vila al Club Escacs del poble. Cap al vespre, el campaner, Jordi Espinal, va fer el repic de campanes i a dos quarts de nou es va fer una mostra cultural de diferentes entitats populars amb actuacions dels castellers, els gegants, els bous de foc i la colla sardanista Aires d\u2019Or.<\/p>\n<p>Avui, els actes han continuat amb les matines, la caminada popular de les ermites i la missa en honor de Santa Anna.<\/p>\n","protected":false},"excerpt":{"rendered":"<p>Durant aquest cap de setmana Santpedor celebrar una de les festivitats m\u00e9s senyalada del poble: Santa Anna.\u00a0\u00a0 El municipi vol recordar el seu primer vot de poble l\u2019any 1507 que es va fer a Santa Anna de Claret. Per commemorar aquest referent religi\u00f3s l\u2019Ajuntament de Santpedor i la comissi\u00f3 de la festa de Santa Anna [&hellip;]<\/p>\n","protected":false},"author":1,"featured_media":3592,"comment_status":"closed","ping_status":"closed","sticky":false,"template":"","format":"image","meta":{"footnotes":""},"categories":[3],"tags":[196,113],"class_list":{"0":"post-3591","1":"post","2":"type-post","3":"status-publish","4":"format-image","5":"has-post-thumbnail","7":"category-noticies","8":"tag-santa-anna","9":"tag-santpedor","10":"post_format-post-format-image"},"_links":{"self":[{"href":"https:\/\/santpedor.net\/radio\/wp-json\/wp\/v2\/posts\/3591","targetHints":{"allow":["GET"]}}],"collection":[{"href":"https:\/\/santpedor.net\/radio\/wp-json\/wp\/v2\/posts"}],"about":[{"href":"https:\/\/santpedor.net\/radio\/wp-json\/wp\/v2\/types\/post"}],"author":[{"embeddable":true,"href":"https:\/\/santpedor.net\/radio\/wp-json\/wp\/v2\/users\/1"}],"replies":[{"embeddable":true,"href":"https:\/\/santpedor.net\/radio\/wp-json\/wp\/v2\/comments?post=3591"}],"version-history":[{"count":0,"href":"https:\/\/santpedor.net\/radio\/wp-json\/wp\/v2\/posts\/3591\/revisions"}],"wp:featuredmedia":[{"embeddable":true,"href":"https:\/\/santpedor.net\/radio\/wp-json\/wp\/v2\/media\/3592"}],"wp:attachment":[{"href":"https:\/\/santpedor.net\/radio\/wp-json\/wp\/v2\/media?parent=3591"}],"wp:term":[{"taxonomy":"category","embeddable":true,"href":"https:\/\/santpedor.net\/radio\/wp-json\/wp\/v2\/categories?post=3591"},{"taxonomy":"post_tag","embeddable":true,"href":"https:\/\/santpedor.net\/radio\/wp-json\/wp\/v2\/tags?post=3591"}],"curies":[{"name":"wp","href":"https:\/\/api.w.org\/{rel}","templated":true}]}}