{"id":3695,"date":"2015-09-13T14:32:28","date_gmt":"2015-09-13T12:32:28","guid":{"rendered":"http:\/\/santpedor.net\/wp\/?p=3695"},"modified":"2015-09-13T14:32:28","modified_gmt":"2015-09-13T12:32:28","slug":"rentat-de-cara-als-aiguamolls-de-la-bobila","status":"publish","type":"post","link":"https:\/\/santpedor.net\/radio\/rentat-de-cara-als-aiguamolls-de-la-bobila\/","title":{"rendered":"Rentat de cara als Aiguamolls de la B\u00f2bila"},"content":{"rendered":"<p>Els aiguamolls de la B\u00f2bila est\u00e0 sent reformats per poder millor la qualitat de l\u2019aigua i equilibrar-ne els nivells. S\u00f3n unes remodelacions pressupostades en 30mil euros, 23mil dels quals finan\u00e7ar\u00e0 la Generalitat. Amb aquestes actuacions es naturalitza el r\u00e8gim hidrol\u00f2gic de l\u2019aiguamoll i s\u2019eviten fluctuacions del nivell de l\u2019aigua que poden malmetre el desenvolupament de la funci\u00f3 ecol\u00f2gica de l\u2019aiguamoll com a h\u00e0bitat de cria per les aus.<\/p>\n<p>Aquestes noves obres als aiguamolls es sumen a les millores realitzades els \u00faltims anys. Des de la seva creaci\u00f3 el 1994, els aiguamolls s\u2019han anat remodelant per fases. L\u2019\u00faltima actuaci\u00f3 que s\u2019hi va fer, al 2013, va ser l\u2019adequaci\u00f3 de tanques vegetals, la instal\u00b7laci\u00f3 de senyals i l\u2019arranjament de la torre del mirador.<\/p>\n","protected":false},"excerpt":{"rendered":"<p>Els aiguamolls de la B\u00f2bila est\u00e0 sent reformats per poder millor la qualitat de l\u2019aigua i equilibrar-ne els nivells. S\u00f3n unes remodelacions pressupostades en 30mil euros, 23mil dels quals finan\u00e7ar\u00e0 la Generalitat. Amb aquestes actuacions es naturalitza el r\u00e8gim hidrol\u00f2gic de l\u2019aiguamoll i s\u2019eviten fluctuacions del nivell de l\u2019aigua que poden malmetre el desenvolupament de [&hellip;]<\/p>\n","protected":false},"author":1,"featured_media":3696,"comment_status":"closed","ping_status":"closed","sticky":false,"template":"","format":"standard","meta":{"footnotes":""},"categories":[3,137],"tags":[65,113],"class_list":{"0":"post-3695","1":"post","2":"type-post","3":"status-publish","4":"format-standard","5":"has-post-thumbnail","7":"category-noticies","8":"category-societat","9":"tag-aiguamolls-de-la-bobila","10":"tag-santpedor"},"_links":{"self":[{"href":"https:\/\/santpedor.net\/radio\/wp-json\/wp\/v2\/posts\/3695","targetHints":{"allow":["GET"]}}],"collection":[{"href":"https:\/\/santpedor.net\/radio\/wp-json\/wp\/v2\/posts"}],"about":[{"href":"https:\/\/santpedor.net\/radio\/wp-json\/wp\/v2\/types\/post"}],"author":[{"embeddable":true,"href":"https:\/\/santpedor.net\/radio\/wp-json\/wp\/v2\/users\/1"}],"replies":[{"embeddable":true,"href":"https:\/\/santpedor.net\/radio\/wp-json\/wp\/v2\/comments?post=3695"}],"version-history":[{"count":0,"href":"https:\/\/santpedor.net\/radio\/wp-json\/wp\/v2\/posts\/3695\/revisions"}],"wp:featuredmedia":[{"embeddable":true,"href":"https:\/\/santpedor.net\/radio\/wp-json\/wp\/v2\/media\/3696"}],"wp:attachment":[{"href":"https:\/\/santpedor.net\/radio\/wp-json\/wp\/v2\/media?parent=3695"}],"wp:term":[{"taxonomy":"category","embeddable":true,"href":"https:\/\/santpedor.net\/radio\/wp-json\/wp\/v2\/categories?post=3695"},{"taxonomy":"post_tag","embeddable":true,"href":"https:\/\/santpedor.net\/radio\/wp-json\/wp\/v2\/tags?post=3695"}],"curies":[{"name":"wp","href":"https:\/\/api.w.org\/{rel}","templated":true}]}}