{"id":3801,"date":"2015-09-27T15:11:50","date_gmt":"2015-09-27T13:11:50","guid":{"rendered":"http:\/\/santpedor.net\/wp\/?p=3801"},"modified":"2015-09-27T15:11:50","modified_gmt":"2015-09-27T13:11:50","slug":"arriba-la-fibra-optica-a-santpedor","status":"publish","type":"post","link":"https:\/\/santpedor.net\/radio\/arriba-la-fibra-optica-a-santpedor\/","title":{"rendered":"Arriba la fibra \u00f2ptica a Santpedor"},"content":{"rendered":"<p>[\u00c0UDIO] Santpedor \u00e9s molt a prop de connectar-se a la Fibra \u00d2ptica. Des de fa uns dies operaris de Movistar estan cablejant el poble per fer arribar aquesta tecnologia de transmissi\u00f3 de dades d\u2019\u00faltima generaci\u00f3 a tot el poble. El gegant de les telecomunicacions \u00e9s, de moment, l\u2019\u00fanica operadora que s\u2019ha ficat mans a l\u2019obra al nostre poble amb una inversi\u00f3 de 1.5 milions d\u2019euros.<\/p>\n<p>L&#8217;alcalde de Santpedor, Xavier Codina s&#8217;ha mostrat &#8220;molt content&#8221; de l&#8217;arribada de la fira al poble. Assegura que a finals d&#8217;any i haur\u00e0 &#8220;connexi\u00f3 a tot el poble&#8221;, i destaca que el pla d&#8217;implementaci\u00f3 de la fibra \u00f2ptica als pol\u00edgons ja est\u00e0 gaireb\u00e9 finalitzat.<\/p>\n<p>Aquesta tecnologia, que s\u2019anir\u00e0 desplegant a Santpedor en les properes setmanes i fins a finals d\u2019any fins a cobrir tot el poble, \u00e9s un pas endavant gegant en les connexions a Internet respecte l\u2019ADSL. I \u00e9s que la fibra \u00f2ptica permet velocitats fins a 100 vegades m\u00e9s r\u00e0pides i tamb\u00e9 m\u00e9s estables que l\u2019antiga tecnologia ADSL, sense cap mena de p\u00e8rdua de velocitat per dist\u00e0ncia respecte la central o saturaci\u00f3 del canal de transmissi\u00f3. El &#8216;boom&#8217; d\u2019aquesta tecnologia els \u00faltims mesos i l\u2019aparici\u00f3 de companyies m\u00e9s petites fent compet\u00e8ncia a les grans empreses del sector, est\u00e0 produint, a m\u00e9s, que els preus per obtenir fibra \u00f2ptica siguin cada vegada m\u00e9s competitius i assequibles.<\/p>\n<p>Xavier Codina parla sobre l&#8217;arribada de la fibra \u00f2ptica a Santpedor:<\/p>\n<audio class=\"wp-audio-shortcode\" id=\"audio-3801-1\" preload=\"none\" style=\"width: 100%;\" controls=\"controls\"><source type=\"audio\/mpeg\" src=\"http:\/\/santpedor.net\/radio\/wp-content\/uploads\/2015\/09\/Tall-fibra-optica-XCodina.mp3?_=1\" \/><a href=\"http:\/\/santpedor.net\/radio\/wp-content\/uploads\/2015\/09\/Tall-fibra-optica-XCodina.mp3\">http:\/\/santpedor.net\/radio\/wp-content\/uploads\/2015\/09\/Tall-fibra-optica-XCodina.mp3<\/a><\/audio>\n","protected":false},"excerpt":{"rendered":"<p>[\u00c0UDIO] Santpedor \u00e9s molt a prop de connectar-se a la Fibra \u00d2ptica. Des de fa uns dies operaris de Movistar estan cablejant el poble per fer arribar aquesta tecnologia de transmissi\u00f3 de dades d\u2019\u00faltima generaci\u00f3 a tot el poble. El gegant de les telecomunicacions \u00e9s, de moment, l\u2019\u00fanica operadora que s\u2019ha ficat mans a l\u2019obra [&hellip;]<\/p>\n","protected":false},"author":1,"featured_media":3802,"comment_status":"closed","ping_status":"closed","sticky":false,"template":"","format":"standard","meta":{"footnotes":""},"categories":[3,137],"tags":[86,233,113,20],"class_list":{"0":"post-3801","1":"post","2":"type-post","3":"status-publish","4":"format-standard","5":"has-post-thumbnail","7":"category-noticies","8":"category-societat","9":"tag-fibra-optica","10":"tag-movistar","11":"tag-santpedor","12":"tag-xavier-codina"},"_links":{"self":[{"href":"https:\/\/santpedor.net\/radio\/wp-json\/wp\/v2\/posts\/3801","targetHints":{"allow":["GET"]}}],"collection":[{"href":"https:\/\/santpedor.net\/radio\/wp-json\/wp\/v2\/posts"}],"about":[{"href":"https:\/\/santpedor.net\/radio\/wp-json\/wp\/v2\/types\/post"}],"author":[{"embeddable":true,"href":"https:\/\/santpedor.net\/radio\/wp-json\/wp\/v2\/users\/1"}],"replies":[{"embeddable":true,"href":"https:\/\/santpedor.net\/radio\/wp-json\/wp\/v2\/comments?post=3801"}],"version-history":[{"count":0,"href":"https:\/\/santpedor.net\/radio\/wp-json\/wp\/v2\/posts\/3801\/revisions"}],"wp:featuredmedia":[{"embeddable":true,"href":"https:\/\/santpedor.net\/radio\/wp-json\/wp\/v2\/media\/3802"}],"wp:attachment":[{"href":"https:\/\/santpedor.net\/radio\/wp-json\/wp\/v2\/media?parent=3801"}],"wp:term":[{"taxonomy":"category","embeddable":true,"href":"https:\/\/santpedor.net\/radio\/wp-json\/wp\/v2\/categories?post=3801"},{"taxonomy":"post_tag","embeddable":true,"href":"https:\/\/santpedor.net\/radio\/wp-json\/wp\/v2\/tags?post=3801"}],"curies":[{"name":"wp","href":"https:\/\/api.w.org\/{rel}","templated":true}]}}