{"id":3868,"date":"2015-10-14T00:32:08","date_gmt":"2015-10-13T22:32:08","guid":{"rendered":"http:\/\/santpedor.net\/wp\/?p=3868"},"modified":"2015-10-14T00:32:08","modified_gmt":"2015-10-13T22:32:08","slug":"santpedor-dona-suport-als-imputats-per-posar-les-urnes-el-9n","status":"publish","type":"post","link":"https:\/\/santpedor.net\/radio\/santpedor-dona-suport-als-imputats-per-posar-les-urnes-el-9n\/","title":{"rendered":"Santpedor d\u00f3na suport als imputats per posar les urnes el 9N"},"content":{"rendered":"<p>Un centenar de santpedorencs han volgut donar suport a Artur Mas, Irene Rigau i Joana Ortega, imputats per fer possible les votacions en la consulta popular del passat 9 de novembre. S&#8217;han reunit a la Pla\u00e7a Gran on l&#8217;alcalde, Xavier Codina, acompanyat de la plana major de l&#8217;ajuntament, ha llegit el manifest de suport als tres pol\u00edtics encausats, que aquests dies han declarat -Artur Mas ho far\u00e0 dijous-\u00a0davant el Tribunal Superior de Just\u00edcia de Catalunya.<\/p>\n<p>Santpedor, doncs, s&#8217;ha sumat a aquest acte de suport als imputats pel 9N tal i com han fet molts altres pobles del pa\u00eds, que s&#8217;han sincronitzat a dos quarts de vuit del vespre per llegir el manifest elaborat per l&#8217;Assemblea Nacional de Catalunya, l&#8217;Associaci\u00f3 de Municipis per la Independ\u00e8ncia i \u00d2mnium Cultural.<\/p>\n<p><em>Foto de Xavier Codina Casas<\/em><\/p>\n<p>&nbsp;<\/p>\n","protected":false},"excerpt":{"rendered":"<p>Un centenar de santpedorencs han volgut donar suport a Artur Mas, Irene Rigau i Joana Ortega, imputats per fer possible les votacions en la consulta popular del passat 9 de novembre. S&#8217;han reunit a la Pla\u00e7a Gran on l&#8217;alcalde, Xavier Codina, acompanyat de la plana major de l&#8217;ajuntament, ha llegit el manifest de suport als [&hellip;]<\/p>\n","protected":false},"author":1,"featured_media":3869,"comment_status":"closed","ping_status":"closed","sticky":false,"template":"","format":"standard","meta":{"footnotes":""},"categories":[3,136],"tags":[246,187,247,248,249,250,113],"class_list":{"0":"post-3868","1":"post","2":"type-post","3":"status-publish","4":"format-standard","5":"has-post-thumbnail","7":"category-noticies","8":"category-politica-i-economia","9":"tag-ami","10":"tag-anc","11":"tag-artur-mas","12":"tag-irene-rigau","13":"tag-joana-ortega","14":"tag-omnium","15":"tag-santpedor"},"_links":{"self":[{"href":"https:\/\/santpedor.net\/radio\/wp-json\/wp\/v2\/posts\/3868","targetHints":{"allow":["GET"]}}],"collection":[{"href":"https:\/\/santpedor.net\/radio\/wp-json\/wp\/v2\/posts"}],"about":[{"href":"https:\/\/santpedor.net\/radio\/wp-json\/wp\/v2\/types\/post"}],"author":[{"embeddable":true,"href":"https:\/\/santpedor.net\/radio\/wp-json\/wp\/v2\/users\/1"}],"replies":[{"embeddable":true,"href":"https:\/\/santpedor.net\/radio\/wp-json\/wp\/v2\/comments?post=3868"}],"version-history":[{"count":0,"href":"https:\/\/santpedor.net\/radio\/wp-json\/wp\/v2\/posts\/3868\/revisions"}],"wp:featuredmedia":[{"embeddable":true,"href":"https:\/\/santpedor.net\/radio\/wp-json\/wp\/v2\/media\/3869"}],"wp:attachment":[{"href":"https:\/\/santpedor.net\/radio\/wp-json\/wp\/v2\/media?parent=3868"}],"wp:term":[{"taxonomy":"category","embeddable":true,"href":"https:\/\/santpedor.net\/radio\/wp-json\/wp\/v2\/categories?post=3868"},{"taxonomy":"post_tag","embeddable":true,"href":"https:\/\/santpedor.net\/radio\/wp-json\/wp\/v2\/tags?post=3868"}],"curies":[{"name":"wp","href":"https:\/\/api.w.org\/{rel}","templated":true}]}}