{"id":3918,"date":"2015-11-05T20:27:06","date_gmt":"2015-11-05T19:27:06","guid":{"rendered":"http:\/\/santpedor.net\/wp\/?p=3918"},"modified":"2015-11-05T20:27:06","modified_gmt":"2015-11-05T19:27:06","slug":"bicis-penjades-a-fanals-per-promocionar-la-berga-santpedor","status":"publish","type":"post","link":"https:\/\/santpedor.net\/radio\/bicis-penjades-a-fanals-per-promocionar-la-berga-santpedor\/","title":{"rendered":"Bicis penjades a fanals per promocionar la Berga-Santpedor"},"content":{"rendered":"<p>Dimarts al mat\u00ed Santpedor es llevava amb una curiosa decoraci\u00f3: sis bicicletes penjades a\u00a0fanals del poble. Tot i que en primer moment va regnar la confusi\u00f3 i la not\u00edcia es va propagar r\u00e0pidament entre els ve\u00efns, ahir vam poder saber que les bicicletes penjades s\u00f3n una campanya de\u00a0m\u00e0rqueting del club 2&#215;2, per promocionar la tradicional cursa\u00a0de la Berga-Santpedor. Aix\u00ed ho ha confirmat un dels ide\u00f2legs de la iniciativa i membre del 2&#215;2, Antoni Puiggros, a R\u00e0dio Santpedor: &#8220;vol\u00edem cridar l&#8217;atenci\u00f3 sobre la cursa i se&#8217;ns va oc\u00f3rrer que una bona manera podia ser aquest a&#8221;. Puiggros afirma que &#8220;s&#8217;ha aconseguit l&#8217;objectiu, la gent es va quedar sobtada de veure les bicis penjades pel poble i fins i tot va sortir als diaris, esperem que aix\u00f2 generi encara m\u00e9s inter\u00e8s per la cursa&#8221;.<\/p>\n<p>La 31a edici\u00f3 de la Berga-Santpedor donar\u00e0 el xiulet de sortida aquest diumenge\u00a0vuit de novembre a les set del mat\u00ed al pavell\u00f3 de Berga. Els participants poden inscriure&#8217;s en dos recorreguts, el de 59km en BTT o el de 53 caminant. Les inscripcions es poden fer fins el mateix dia de la cursa, a un preu de 30\u20ac, als quals cal afegir 5\u20ac m\u00e9s per l&#8217;asseguran\u00e7a obligat\u00f2ria, en cas que no en disposis.<\/p>\n","protected":false},"excerpt":{"rendered":"<p>Dimarts al mat\u00ed Santpedor es llevava amb una curiosa decoraci\u00f3: sis bicicletes penjades a\u00a0fanals del poble. Tot i que en primer moment va regnar la confusi\u00f3 i la not\u00edcia es va propagar r\u00e0pidament entre els ve\u00efns, ahir vam poder saber que les bicicletes penjades s\u00f3n una campanya de\u00a0m\u00e0rqueting del club 2&#215;2, per promocionar la tradicional [&hellip;]<\/p>\n","protected":false},"author":1,"featured_media":3919,"comment_status":"closed","ping_status":"closed","sticky":false,"template":"","format":"standard","meta":{"footnotes":""},"categories":[236,3],"tags":[269,270,271,113],"class_list":{"0":"post-3918","1":"post","2":"type-post","3":"status-publish","4":"format-standard","5":"has-post-thumbnail","7":"category-entitats-i-cultura","8":"category-noticies","9":"tag-2x2","10":"tag-berga-santpedor","11":"tag-btt","12":"tag-santpedor"},"_links":{"self":[{"href":"https:\/\/santpedor.net\/radio\/wp-json\/wp\/v2\/posts\/3918","targetHints":{"allow":["GET"]}}],"collection":[{"href":"https:\/\/santpedor.net\/radio\/wp-json\/wp\/v2\/posts"}],"about":[{"href":"https:\/\/santpedor.net\/radio\/wp-json\/wp\/v2\/types\/post"}],"author":[{"embeddable":true,"href":"https:\/\/santpedor.net\/radio\/wp-json\/wp\/v2\/users\/1"}],"replies":[{"embeddable":true,"href":"https:\/\/santpedor.net\/radio\/wp-json\/wp\/v2\/comments?post=3918"}],"version-history":[{"count":0,"href":"https:\/\/santpedor.net\/radio\/wp-json\/wp\/v2\/posts\/3918\/revisions"}],"wp:featuredmedia":[{"embeddable":true,"href":"https:\/\/santpedor.net\/radio\/wp-json\/wp\/v2\/media\/3919"}],"wp:attachment":[{"href":"https:\/\/santpedor.net\/radio\/wp-json\/wp\/v2\/media?parent=3918"}],"wp:term":[{"taxonomy":"category","embeddable":true,"href":"https:\/\/santpedor.net\/radio\/wp-json\/wp\/v2\/categories?post=3918"},{"taxonomy":"post_tag","embeddable":true,"href":"https:\/\/santpedor.net\/radio\/wp-json\/wp\/v2\/tags?post=3918"}],"curies":[{"name":"wp","href":"https:\/\/api.w.org\/{rel}","templated":true}]}}