{"id":3921,"date":"2015-11-06T20:37:31","date_gmt":"2015-11-06T19:37:31","guid":{"rendered":"http:\/\/santpedor.net\/wp\/?p=3921"},"modified":"2015-11-06T20:37:31","modified_gmt":"2015-11-06T19:37:31","slug":"coneix-perque-linstitut-dauro-ha-sigut-reconegut-amb-el-segell-de-qualitat-europeu","status":"publish","type":"post","link":"https:\/\/santpedor.net\/radio\/coneix-perque-linstitut-dauro-ha-sigut-reconegut-amb-el-segell-de-qualitat-europeu\/","title":{"rendered":"Coneix perqu\u00e8 l&#8217;institut d&#8217;Auro ha sigut reconegut amb el Segell de Qualitat Europeu"},"content":{"rendered":"<p>L&#8217;institut d&#8217;Auro ha sigut reconegut aquesta setmana amb una gran distinci\u00f3 a nivell educatiu, el Segell de Qualitat Europeu. La comunitat de centres escolars europea Etwinning -vinculada a la Comissi\u00f3 Europea- ha fet aquest reconeixement a l&#8217;institut pel projecte musical &#8220;Combining Europe with a Cultural Rope: let us make a musical&#8221; en el bienni del 2013-2015. Un musical representat i ideat pels alumnes, amb l&#8217;ajuda dels professors. En el projecte, de nivell europeu, hi participaven centres de sis pa\u00efsos: Alemanya, Portugal, Pol\u00f2nia, Romania, Turquia i Espanya. La directora de l&#8217;institut d&#8217;Auro, Teresa Prat, explica en una entrevista a R\u00e0dio Santpedor que &#8220;el musical era una corda cultural, en angl\u00e8s &#8216;rope&#8217;, per unir aquests pa\u00efsos. Cada un dels pa\u00efsos presentava coses del seu propi pa\u00eds i en feia part\u00edcips els alumnes dels altres pa\u00efsos&#8221;.<\/p>\n<p>Prat assegura que des de l&#8217;institut &#8220;li donem molta import\u00e0ncia a aquests projectes, i les fam\u00edlies tamb\u00e9, per tot el que aporta als estudiants. El musical \u00e9s la punta de l&#8217;iceberg perqu\u00e8 la feinada de guions, decorats, etc. que hi ha darrere \u00e9s molt gran i aix\u00f2 ho fan a trav\u00e9s de facebook, en coordinaci\u00f3 amb els estudiants d&#8217;altres pa\u00efsos, sempre en angl\u00e8s clar, i aix\u00f2 els d\u00f3na un gran aprenentatge&#8221;.<\/p>\n<p>El Segell de Qualitat Europeu \u00e9s un reconeixement que no \u00e9s f\u00e0cil d&#8217;aconseguir i del qual poden presumir uns pocs centres. A m\u00e9s, obre les portes a reconeixements i premis majors als quals nom\u00e9s es pot optar si ja tens el SQE. L&#8217;institut d&#8217;Auro veu refor\u00e7ada aix\u00ed la seva tasca a nivell d&#8217;intercanvis europeus. Enguany, ja estan immersos en un nou projecte, un nou musical que han comen\u00e7at fa poc, amb participaci\u00f3 de tres pa\u00efsos m\u00e9s: Turquia, Pol\u00f2nia, i Itali\u00e0. Aquest musical tindr\u00e0 com a eix conductor l&#8221;atur&#8217; i al mes de gener es far\u00e0 la primera representaci\u00f3.<\/p>\n<p><iframe loading=\"lazy\" src=\"http:\/\/www.ivoox.com\/player_ej_9298069_2_1.html?data=mpemmpWafY6ZmKiakp2Jd6KnkZKSmaiRdo6ZmKiakpKJe6ShkZKSmaiRic%2Fo08rjy9jYpYzIxtfS1caPlNPV1ZKSmaiRkbXV08bn0dPFcYarpJKh&amp;\" width=\"100%\" height=\"200\" frameborder=\"0\" scrolling=\"no\" allowfullscreen=\"allowfullscreen\"><\/iframe><\/p>\n","protected":false},"excerpt":{"rendered":"<p>L&#8217;institut d&#8217;Auro ha sigut reconegut aquesta setmana amb una gran distinci\u00f3 a nivell educatiu, el Segell de Qualitat Europeu. La comunitat de centres escolars europea Etwinning -vinculada a la Comissi\u00f3 Europea- ha fet aquest reconeixement a l&#8217;institut pel projecte musical &#8220;Combining Europe with a Cultural Rope: let us make a musical&#8221; en el bienni del [&hellip;]<\/p>\n","protected":false},"author":1,"featured_media":3922,"comment_status":"closed","ping_status":"closed","sticky":false,"template":"","format":"standard","meta":{"footnotes":""},"categories":[3,137],"tags":[272,218,113,273],"class_list":{"0":"post-3921","1":"post","2":"type-post","3":"status-publish","4":"format-standard","5":"has-post-thumbnail","7":"category-noticies","8":"category-societat","9":"tag-etwinning","10":"tag-institut-dauro","11":"tag-santpedor","12":"tag-segell-de-qualitat-europeu"},"_links":{"self":[{"href":"https:\/\/santpedor.net\/radio\/wp-json\/wp\/v2\/posts\/3921","targetHints":{"allow":["GET"]}}],"collection":[{"href":"https:\/\/santpedor.net\/radio\/wp-json\/wp\/v2\/posts"}],"about":[{"href":"https:\/\/santpedor.net\/radio\/wp-json\/wp\/v2\/types\/post"}],"author":[{"embeddable":true,"href":"https:\/\/santpedor.net\/radio\/wp-json\/wp\/v2\/users\/1"}],"replies":[{"embeddable":true,"href":"https:\/\/santpedor.net\/radio\/wp-json\/wp\/v2\/comments?post=3921"}],"version-history":[{"count":0,"href":"https:\/\/santpedor.net\/radio\/wp-json\/wp\/v2\/posts\/3921\/revisions"}],"wp:featuredmedia":[{"embeddable":true,"href":"https:\/\/santpedor.net\/radio\/wp-json\/wp\/v2\/media\/3922"}],"wp:attachment":[{"href":"https:\/\/santpedor.net\/radio\/wp-json\/wp\/v2\/media?parent=3921"}],"wp:term":[{"taxonomy":"category","embeddable":true,"href":"https:\/\/santpedor.net\/radio\/wp-json\/wp\/v2\/categories?post=3921"},{"taxonomy":"post_tag","embeddable":true,"href":"https:\/\/santpedor.net\/radio\/wp-json\/wp\/v2\/tags?post=3921"}],"curies":[{"name":"wp","href":"https:\/\/api.w.org\/{rel}","templated":true}]}}