{"id":3963,"date":"2015-12-01T01:15:02","date_gmt":"2015-12-01T00:15:02","guid":{"rendered":"http:\/\/santpedor.net\/wp\/?p=3963"},"modified":"2015-12-01T01:15:02","modified_gmt":"2015-12-01T00:15:02","slug":"un-article-sobre-els-aiguamolls-de-la-bobila-premiat-als-premis-periodistics-atll-de-laigua","status":"publish","type":"post","link":"https:\/\/santpedor.net\/radio\/un-article-sobre-els-aiguamolls-de-la-bobila-premiat-als-premis-periodistics-atll-de-laigua\/","title":{"rendered":"Un article sobre els Aiguamolls de la B\u00f2bila premiat als premis period\u00edstics ATLL de l&#8217;Aigua"},"content":{"rendered":"<p><span style=\"color: #000000; font-family: Calibri;\">El periodista de Regi\u00f3 7, David Bricoll\u00e9, ha rebut un premi acc\u00e8ssit en la segona edici\u00f3 dels premis period\u00edstics ATLL de l\u2019Aigua, per un reportatge sobre els Aiguamolls de la B\u00f2bila. El jurat del premi, ha valorat la tasca de Bricoll\u00e9 en temes relacionats amb l&#8217;aigua i ha destacat particularment\u00a0l\u2019article \u201cL\u2019oasi de Santpedor\u201d, en el qual explica la transformaci\u00f3 de l\u2019Aiguamoll de la B\u00f2bila en els \u00faltims 20 anys. Un abocador incontrolat i abandonat que ha esdevingut un referent mediambiental al poble.<\/span><\/p>\n<p>El primer premi d&#8217;aquest certamen, celebrat al Col\u00b7legi de Periodistes de Barcelona, ha recaigut en el programa &#8216;Espai Terra&#8217; de TV3, presentat per Tom\u00e0s Molina, per un reportatge sobre la inundaci\u00f3 dels camp del Delta de l&#8217;Ebre.<\/p>\n","protected":false},"excerpt":{"rendered":"<p>El periodista de Regi\u00f3 7, David Bricoll\u00e9, ha rebut un premi acc\u00e8ssit en la segona edici\u00f3 dels premis period\u00edstics ATLL de l\u2019Aigua, per un reportatge sobre els Aiguamolls de la B\u00f2bila. El jurat del premi, ha valorat la tasca de Bricoll\u00e9 en temes relacionats amb l&#8217;aigua i ha destacat particularment\u00a0l\u2019article \u201cL\u2019oasi de Santpedor\u201d, en el [&hellip;]<\/p>\n","protected":false},"author":1,"featured_media":3964,"comment_status":"closed","ping_status":"closed","sticky":false,"template":"","format":"standard","meta":{"footnotes":""},"categories":[3,137],"tags":[65,285,286,113],"class_list":{"0":"post-3963","1":"post","2":"type-post","3":"status-publish","4":"format-standard","5":"has-post-thumbnail","7":"category-noticies","8":"category-societat","9":"tag-aiguamolls-de-la-bobila","10":"tag-collegi-de-periodistes","11":"tag-david-bricolle","12":"tag-santpedor"},"_links":{"self":[{"href":"https:\/\/santpedor.net\/radio\/wp-json\/wp\/v2\/posts\/3963","targetHints":{"allow":["GET"]}}],"collection":[{"href":"https:\/\/santpedor.net\/radio\/wp-json\/wp\/v2\/posts"}],"about":[{"href":"https:\/\/santpedor.net\/radio\/wp-json\/wp\/v2\/types\/post"}],"author":[{"embeddable":true,"href":"https:\/\/santpedor.net\/radio\/wp-json\/wp\/v2\/users\/1"}],"replies":[{"embeddable":true,"href":"https:\/\/santpedor.net\/radio\/wp-json\/wp\/v2\/comments?post=3963"}],"version-history":[{"count":0,"href":"https:\/\/santpedor.net\/radio\/wp-json\/wp\/v2\/posts\/3963\/revisions"}],"wp:featuredmedia":[{"embeddable":true,"href":"https:\/\/santpedor.net\/radio\/wp-json\/wp\/v2\/media\/3964"}],"wp:attachment":[{"href":"https:\/\/santpedor.net\/radio\/wp-json\/wp\/v2\/media?parent=3963"}],"wp:term":[{"taxonomy":"category","embeddable":true,"href":"https:\/\/santpedor.net\/radio\/wp-json\/wp\/v2\/categories?post=3963"},{"taxonomy":"post_tag","embeddable":true,"href":"https:\/\/santpedor.net\/radio\/wp-json\/wp\/v2\/tags?post=3963"}],"curies":[{"name":"wp","href":"https:\/\/api.w.org\/{rel}","templated":true}]}}