{"id":3981,"date":"2015-12-15T11:39:48","date_gmt":"2015-12-15T10:39:48","guid":{"rendered":"http:\/\/santpedor.net\/wp\/?p=3981"},"modified":"2015-12-15T11:39:48","modified_gmt":"2015-12-15T10:39:48","slug":"santpedor-recupera-el-recorregut-del-pessebre-vivent-pel-casc-antic","status":"publish","type":"post","link":"https:\/\/santpedor.net\/radio\/santpedor-recupera-el-recorregut-del-pessebre-vivent-pel-casc-antic\/","title":{"rendered":"Santpedor recupera el recorregut del Pessebre Vivent pel casc antic"},"content":{"rendered":"<p>El pessebre vivent de Santpedor recupera el recorregut pel casc antic. L&#8217;esplai Geps i l\u2019Ampa de l\u2019Escola Riu d\u2019Or han decidit tornar a recuperar totes les escenes pels carrers i places del nucli antic. Segons explica Marina Sardans, monitora de l&#8217;esplai, des de octubre &#8220;es treballa en el pessebre vivent, perqu\u00e8 a l&#8217;inici de cada curs, al setembre,\u00a0el nou equips de monitors decideixen si s&#8217;impliquen en el Pessebre Vivent o no&#8221;.\u00a0L\u2019any passat l\u2019Associaci\u00f3 del Pessebre Vivent de Santpedor va suspendre la tradicional escenificaci\u00f3 per falta de gent. A \u00faltima hora, per\u00f2, l\u2019esplai GEPS va organitzar les escenes m\u00e9s importants del pessebre a la pla\u00e7a gran\u00a0perqu\u00e8 consideraven que no es podia perdre un dels actes m\u00e9s importants i m\u00e9s antics del poble.<\/p>\n<p>El pessebre es far\u00e0 com cada any el 25 i 26 de desembre des de les set de la tarda a dos quarts de nou del vespre.<\/p>\n","protected":false},"excerpt":{"rendered":"<p>El pessebre vivent de Santpedor recupera el recorregut pel casc antic. L&#8217;esplai Geps i l\u2019Ampa de l\u2019Escola Riu d\u2019Or han decidit tornar a recuperar totes les escenes pels carrers i places del nucli antic. Segons explica Marina Sardans, monitora de l&#8217;esplai, des de octubre &#8220;es treballa en el pessebre vivent, perqu\u00e8 a l&#8217;inici de cada [&hellip;]<\/p>\n","protected":false},"author":1,"featured_media":3982,"comment_status":"closed","ping_status":"closed","sticky":false,"template":"","format":"standard","meta":{"footnotes":""},"categories":[3,137],"tags":[289,290,113],"class_list":{"0":"post-3981","1":"post","2":"type-post","3":"status-publish","4":"format-standard","5":"has-post-thumbnail","7":"category-noticies","8":"category-societat","9":"tag-esplai-geps","10":"tag-pessebre-vivent","11":"tag-santpedor"},"_links":{"self":[{"href":"https:\/\/santpedor.net\/radio\/wp-json\/wp\/v2\/posts\/3981","targetHints":{"allow":["GET"]}}],"collection":[{"href":"https:\/\/santpedor.net\/radio\/wp-json\/wp\/v2\/posts"}],"about":[{"href":"https:\/\/santpedor.net\/radio\/wp-json\/wp\/v2\/types\/post"}],"author":[{"embeddable":true,"href":"https:\/\/santpedor.net\/radio\/wp-json\/wp\/v2\/users\/1"}],"replies":[{"embeddable":true,"href":"https:\/\/santpedor.net\/radio\/wp-json\/wp\/v2\/comments?post=3981"}],"version-history":[{"count":0,"href":"https:\/\/santpedor.net\/radio\/wp-json\/wp\/v2\/posts\/3981\/revisions"}],"wp:featuredmedia":[{"embeddable":true,"href":"https:\/\/santpedor.net\/radio\/wp-json\/wp\/v2\/media\/3982"}],"wp:attachment":[{"href":"https:\/\/santpedor.net\/radio\/wp-json\/wp\/v2\/media?parent=3981"}],"wp:term":[{"taxonomy":"category","embeddable":true,"href":"https:\/\/santpedor.net\/radio\/wp-json\/wp\/v2\/categories?post=3981"},{"taxonomy":"post_tag","embeddable":true,"href":"https:\/\/santpedor.net\/radio\/wp-json\/wp\/v2\/tags?post=3981"}],"curies":[{"name":"wp","href":"https:\/\/api.w.org\/{rel}","templated":true}]}}