{"id":4006,"date":"2016-01-04T16:17:48","date_gmt":"2016-01-04T15:17:48","guid":{"rendered":"http:\/\/santpedor.net\/wp\/?p=4006"},"modified":"2016-01-04T16:17:48","modified_gmt":"2016-01-04T15:17:48","slug":"la-sequera-esta-reduint-el-nombre-danecs-i-especies-aquatiques-als-aiguamolls-de-la-bobila","status":"publish","type":"post","link":"https:\/\/santpedor.net\/radio\/la-sequera-esta-reduint-el-nombre-danecs-i-especies-aquatiques-als-aiguamolls-de-la-bobila\/","title":{"rendered":"La sequera est\u00e0 reduint el nombre d&#8217;\u00e0necs i esp\u00e8cies aqu\u00e0tiques als aiguamolls de la B\u00f2bila"},"content":{"rendered":"<p>La sequera que afecta gran part de Catalunya des de l&#8217;estiu tamb\u00e9 t\u00e9 repercussions a Santpedor. Els nivells d&#8217;aigua als aiguamolls de la B\u00f2bila estan molt per sota de la mitjana habitual i aix\u00f2 fa que algunes esp\u00e8cies n&#8217;estiguin marxant i el nombre d&#8217;\u00e0necs tamb\u00e9 s&#8217;estigui redu\u00efnt. Aix\u00ed, ho explica Marc Illa, voluntari encarregat dels aiguamolls, qui confirma que &#8220;la falta d&#8217;aigua fa que algunes esp\u00e8cies marxin a altres zones. Els qui passegen sovint per all\u00e0 hauran notat que no es veuen tantes esp\u00e8cies d&#8217;ocells. La sequera tamb\u00e9 pot fer que algunes plantes com el cany\u00eds tinguin m\u00e9s problemes per tirar endavant quan arribi la primavera&#8221;.<\/p>\n<p>Tot i l&#8217;actual estat de sequera -274 litres d&#8217;aigua de pluja al 2015 per una mitjana anual de 500-, que ha redu\u00eft dr\u00e0sticament els nivells d&#8217;aigua, la preservaci\u00f3 dels aiguamolls de la B\u00f2bila i les seves esp\u00e8cies no corren perill. Segons Illa, la situaci\u00f3 &#8220;no \u00e9s alarmant perqu\u00e8 gran part de les reserves d&#8217;aigua dels aiguamolls provenen d&#8217;un aq\u00fc\u00edfer subterrani molt gran&#8221;.\u00a0Haurien de passar molts mesos m\u00e9s de falta de pluja perqu\u00e8 els aiguamolls s&#8217;assequessin del tot i les esp\u00e8cies aqu\u00e0tiques\u00a0que hi habiten l&#8217;hagu\u00e9ssin d&#8217;abandonar definitivament.<\/p>\n<p>FOTO: Xavier Codina<\/p>\n<p>&nbsp;<\/p>\n<p>&nbsp;<\/p>\n","protected":false},"excerpt":{"rendered":"<p>La sequera que afecta gran part de Catalunya des de l&#8217;estiu tamb\u00e9 t\u00e9 repercussions a Santpedor. Els nivells d&#8217;aigua als aiguamolls de la B\u00f2bila estan molt per sota de la mitjana habitual i aix\u00f2 fa que algunes esp\u00e8cies n&#8217;estiguin marxant i el nombre d&#8217;\u00e0necs tamb\u00e9 s&#8217;estigui redu\u00efnt. Aix\u00ed, ho explica Marc Illa, voluntari encarregat dels [&hellip;]<\/p>\n","protected":false},"author":1,"featured_media":4007,"comment_status":"closed","ping_status":"closed","sticky":false,"template":"","format":"standard","meta":{"footnotes":""},"categories":[3,137],"tags":[65,309,113,310],"class_list":{"0":"post-4006","1":"post","2":"type-post","3":"status-publish","4":"format-standard","5":"has-post-thumbnail","7":"category-noticies","8":"category-societat","9":"tag-aiguamolls-de-la-bobila","10":"tag-anecs","11":"tag-santpedor","12":"tag-sequera"},"_links":{"self":[{"href":"https:\/\/santpedor.net\/radio\/wp-json\/wp\/v2\/posts\/4006","targetHints":{"allow":["GET"]}}],"collection":[{"href":"https:\/\/santpedor.net\/radio\/wp-json\/wp\/v2\/posts"}],"about":[{"href":"https:\/\/santpedor.net\/radio\/wp-json\/wp\/v2\/types\/post"}],"author":[{"embeddable":true,"href":"https:\/\/santpedor.net\/radio\/wp-json\/wp\/v2\/users\/1"}],"replies":[{"embeddable":true,"href":"https:\/\/santpedor.net\/radio\/wp-json\/wp\/v2\/comments?post=4006"}],"version-history":[{"count":0,"href":"https:\/\/santpedor.net\/radio\/wp-json\/wp\/v2\/posts\/4006\/revisions"}],"wp:featuredmedia":[{"embeddable":true,"href":"https:\/\/santpedor.net\/radio\/wp-json\/wp\/v2\/media\/4007"}],"wp:attachment":[{"href":"https:\/\/santpedor.net\/radio\/wp-json\/wp\/v2\/media?parent=4006"}],"wp:term":[{"taxonomy":"category","embeddable":true,"href":"https:\/\/santpedor.net\/radio\/wp-json\/wp\/v2\/categories?post=4006"},{"taxonomy":"post_tag","embeddable":true,"href":"https:\/\/santpedor.net\/radio\/wp-json\/wp\/v2\/tags?post=4006"}],"curies":[{"name":"wp","href":"https:\/\/api.w.org\/{rel}","templated":true}]}}