{"id":4034,"date":"2016-01-19T01:31:57","date_gmt":"2016-01-19T00:31:57","guid":{"rendered":"http:\/\/santpedor.net\/wp\/?p=4034"},"modified":"2016-01-19T01:31:57","modified_gmt":"2016-01-19T00:31:57","slug":"la-nau-i-el-born-rebran-un-rentat-de-cara-aquest-2016","status":"publish","type":"post","link":"https:\/\/santpedor.net\/radio\/la-nau-i-el-born-rebran-un-rentat-de-cara-aquest-2016\/","title":{"rendered":"La Nau i el Born rebran un rentat de cara aquest 2016"},"content":{"rendered":"<p>La Nau i el Born rebran un important impuls i seran adequats com a nous espais culturals del poble aquest 2016. Aix\u00ed es preveu en els pressupostos aprovats en el ple ordinari de gener. 75.000 i 50.000 euros respectivament \u00e9s el que costar\u00e0 la reforma dels dos recintes. El sistema d\u2019adjudicaci\u00f3 dels serveis de manteniment via concursos p\u00fablics, per\u00f2, n\u2019amortir\u00e0 la despesa final.<\/p>\n<p>Tamb\u00e9 destaquen als pressupostos els 205.000 euros destinats a les obres de remodelaci\u00f3 a d\u2019urbanitzaci\u00f3 del Mirador de Montserrat, despr\u00e9s de l\u2019homologaci\u00f3 urban\u00edstica que es va fer a principis d\u2019any. Tl i com explica la regidora d&#8217;hisenda Judit Raja, per\u00f2, aquests diners s\u00f3n &#8220;nom\u00e9s el principi d&#8217;un pla molt m\u00e9s ambici\u00f3s per reformar tota la urbanitzaci\u00f3&#8221;.<\/p>\n<p>A banda d\u2019aquestes partides, l\u2019ajuntament preveu destinar 26.000 euros a l\u2019inici de les obres per cobrir la pista del paller i 33.000 a la rehabilitaci\u00f3 de l\u2019ermita de Sant Francesc. A m\u00e9s, comen\u00e7aran les obres d\u2019adequaci\u00f3 de l\u2019antiga f\u00e0brica de Cal Clarass\u00f3, que \u00e9s equipament municipal des de fa un any.<\/p>\n<p>En total, aquest 2016, el pressupost s\u2019enfila a 7 milions i mig d\u2019euros, una xifra lleugerament per sobra del 2015. L\u2019ajuntament preveu amb aquests n\u00fameros mantenir l\u2019objectiu de reducci\u00f3 de deute per sota del 30%. Un xifra que col\u00b7loca el consistori santpedorenc entre els menys endeutats del territori.<\/p>\n<p>Degut a l\u2019abs\u00e8ncia, aquest any, de partides extraordin\u00e0ries com van ser l\u2019any passat les obres de millora del bloc de cal 75 o les places finan\u00e7ades per l\u2019ajuntament a la resid\u00e8ncia, l&#8217;ajuntament destinar\u00e0 fons a una nova l\u00ednia d\u2019ajut en l\u2019\u00e0mbit de la promoci\u00f3 econ\u00f2mica que es destinar\u00e0 al jovent, la reforma del barri vell i al foment de l\u2019ocupaci\u00f3.<\/p>\n","protected":false},"excerpt":{"rendered":"<p>La Nau i el Born rebran un important impuls i seran adequats com a nous espais culturals del poble aquest 2016. Aix\u00ed es preveu en els pressupostos aprovats en el ple ordinari de gener. 75.000 i 50.000 euros respectivament \u00e9s el que costar\u00e0 la reforma dels dos recintes. El sistema d\u2019adjudicaci\u00f3 dels serveis de manteniment [&hellip;]<\/p>\n","protected":false},"author":1,"featured_media":4035,"comment_status":"closed","ping_status":"closed","sticky":false,"template":"","format":"standard","meta":{"footnotes":""},"categories":[3,136],"tags":[7,52,315,112,316,317,113],"class_list":{"0":"post-4034","1":"post","2":"type-post","3":"status-publish","4":"format-standard","5":"has-post-thumbnail","7":"category-noticies","8":"category-politica-i-economia","9":"tag-ajuntament","10":"tag-cal-clarasso","11":"tag-el-born","12":"tag-ermita-de-sant-francesc","13":"tag-la-nau","14":"tag-pressupostos","15":"tag-santpedor"},"_links":{"self":[{"href":"https:\/\/santpedor.net\/radio\/wp-json\/wp\/v2\/posts\/4034","targetHints":{"allow":["GET"]}}],"collection":[{"href":"https:\/\/santpedor.net\/radio\/wp-json\/wp\/v2\/posts"}],"about":[{"href":"https:\/\/santpedor.net\/radio\/wp-json\/wp\/v2\/types\/post"}],"author":[{"embeddable":true,"href":"https:\/\/santpedor.net\/radio\/wp-json\/wp\/v2\/users\/1"}],"replies":[{"embeddable":true,"href":"https:\/\/santpedor.net\/radio\/wp-json\/wp\/v2\/comments?post=4034"}],"version-history":[{"count":0,"href":"https:\/\/santpedor.net\/radio\/wp-json\/wp\/v2\/posts\/4034\/revisions"}],"wp:featuredmedia":[{"embeddable":true,"href":"https:\/\/santpedor.net\/radio\/wp-json\/wp\/v2\/media\/4035"}],"wp:attachment":[{"href":"https:\/\/santpedor.net\/radio\/wp-json\/wp\/v2\/media?parent=4034"}],"wp:term":[{"taxonomy":"category","embeddable":true,"href":"https:\/\/santpedor.net\/radio\/wp-json\/wp\/v2\/categories?post=4034"},{"taxonomy":"post_tag","embeddable":true,"href":"https:\/\/santpedor.net\/radio\/wp-json\/wp\/v2\/tags?post=4034"}],"curies":[{"name":"wp","href":"https:\/\/api.w.org\/{rel}","templated":true}]}}