{"id":4037,"date":"2016-01-19T01:58:55","date_gmt":"2016-01-19T00:58:55","guid":{"rendered":"http:\/\/santpedor.net\/wp\/?p=4037"},"modified":"2016-01-19T01:58:55","modified_gmt":"2016-01-19T00:58:55","slug":"novetats-en-la-recollida-selectiva-de-deixalles-porta-a-porta","status":"publish","type":"post","link":"https:\/\/santpedor.net\/radio\/novetats-en-la-recollida-selectiva-de-deixalles-porta-a-porta\/","title":{"rendered":"Novetats en la recollida selectiva de deixalles porta a porta"},"content":{"rendered":"<p>L&#8217;ajuntament destinar\u00e0 70.000 euros a la millora de la recollida selectiva porta a porta. Aquesta inversi\u00f3, inclosa en els pressupostos aprovats en el ple ordinari de gener, afectar\u00e0 en especial a la recollida dels residus org\u00e0nics. En paraules de la regidora d&#8217;hisenda, Judit Raja, el m\u00e8tode actual \u00e9s ineficient, genera sobrecostos i &#8220;penalitza pel sol fet de recollir la mat\u00e8ria org\u00e0nica en bosses de pl\u00e0stic, independentment de lo b\u00e9 que ho haguem fet a dins de la bossa en tirar-hi els residus&#8221;.<\/p>\n<p>Per aquest motiu, es preveu repartir a tots els ve\u00efns del poble un nou tipus de bosses org\u00e0niques per a fer la recollida d&#8217;aquest tipus de residus. A m\u00e9s,\u00a0donat que\u00a0aquestes bosses es desfarien en els cubells de deixalles tradicionals, l&#8217;ajuntament repartir\u00e0 tamb\u00e9 cubells adaptats a la recollida de mat\u00e8ria org\u00e0nica -amb forats-. A hores d&#8217;ara l&#8217;ajuntament est\u00e0 estudiant quantes bosses i en quins terminis repartir\u00e0, per\u00f2 Raja ja adverteix que la gent haur\u00e0 de sensibilitzar-se i incorporar la compra d&#8217;aquest tipus de bosses a la seva rutina, tal i com ja passa a altres pobles, per tal de contribuir a la millora dels \u00edndex de reciclatge al poble.<\/p>\n<p>&nbsp;<\/p>\n","protected":false},"excerpt":{"rendered":"<p>L&#8217;ajuntament destinar\u00e0 70.000 euros a la millora de la recollida selectiva porta a porta. Aquesta inversi\u00f3, inclosa en els pressupostos aprovats en el ple ordinari de gener, afectar\u00e0 en especial a la recollida dels residus org\u00e0nics. En paraules de la regidora d&#8217;hisenda, Judit Raja, el m\u00e8tode actual \u00e9s ineficient, genera sobrecostos i &#8220;penalitza pel sol [&hellip;]<\/p>\n","protected":false},"author":1,"featured_media":4038,"comment_status":"closed","ping_status":"closed","sticky":false,"template":"","format":"standard","meta":{"footnotes":""},"categories":[3,137],"tags":[81,317,63,113],"class_list":{"0":"post-4037","1":"post","2":"type-post","3":"status-publish","4":"format-standard","5":"has-post-thumbnail","7":"category-noticies","8":"category-societat","9":"tag-porta-a-porta","10":"tag-pressupostos","11":"tag-reciclatge","12":"tag-santpedor"},"_links":{"self":[{"href":"https:\/\/santpedor.net\/radio\/wp-json\/wp\/v2\/posts\/4037","targetHints":{"allow":["GET"]}}],"collection":[{"href":"https:\/\/santpedor.net\/radio\/wp-json\/wp\/v2\/posts"}],"about":[{"href":"https:\/\/santpedor.net\/radio\/wp-json\/wp\/v2\/types\/post"}],"author":[{"embeddable":true,"href":"https:\/\/santpedor.net\/radio\/wp-json\/wp\/v2\/users\/1"}],"replies":[{"embeddable":true,"href":"https:\/\/santpedor.net\/radio\/wp-json\/wp\/v2\/comments?post=4037"}],"version-history":[{"count":0,"href":"https:\/\/santpedor.net\/radio\/wp-json\/wp\/v2\/posts\/4037\/revisions"}],"wp:featuredmedia":[{"embeddable":true,"href":"https:\/\/santpedor.net\/radio\/wp-json\/wp\/v2\/media\/4038"}],"wp:attachment":[{"href":"https:\/\/santpedor.net\/radio\/wp-json\/wp\/v2\/media?parent=4037"}],"wp:term":[{"taxonomy":"category","embeddable":true,"href":"https:\/\/santpedor.net\/radio\/wp-json\/wp\/v2\/categories?post=4037"},{"taxonomy":"post_tag","embeddable":true,"href":"https:\/\/santpedor.net\/radio\/wp-json\/wp\/v2\/tags?post=4037"}],"curies":[{"name":"wp","href":"https:\/\/api.w.org\/{rel}","templated":true}]}}