{"id":4040,"date":"2016-01-19T02:17:54","date_gmt":"2016-01-19T01:17:54","guid":{"rendered":"http:\/\/santpedor.net\/wp\/?p=4040"},"modified":"2016-01-19T02:17:54","modified_gmt":"2016-01-19T01:17:54","slug":"els-pressupostos-municipals-de-2017-seran-participatius","status":"publish","type":"post","link":"https:\/\/santpedor.net\/radio\/els-pressupostos-municipals-de-2017-seran-participatius\/","title":{"rendered":"Els pressupostos municipals de 2017 seran participatius"},"content":{"rendered":"<p>Des de la regidoria d&#8217;hisenda de l&#8217;ajuntament de Santpedor hi ha el comprom\u00eds d&#8217;obrir el proc\u00e9s de\u00a0deliberaci\u00f3 i redacci\u00f3\u00a0dels pressupostos de l&#8217;any que ve, 2017, a la gent del poble. Aix\u00ed ho va\u00a0fer p\u00fablic\u00a0la regidora d&#8217;hisenda, Judit Raja, al ple municipal de gener i tamb\u00e9 al programa Pla\u00e7a Gran de R\u00e0dio Santpedor, tot i que va puntualitzar que &#8220;no totes les partides es poden discutir i modificar, perqu\u00e8 hi han despeses ordin\u00e0ries que s&#8217;han de cobrir s\u00ed o s\u00ed&#8221;. Amb tot, Raja aposta perqu\u00e8 els ve\u00efns &#8220;diguin la seva pel qu\u00e8 fa al cap\u00edtol d&#8217;inversions,\u00a0i puguem saber, per exemple, si prefereixen donar prioritat a la cobertura de la pista del taller o a les obres del Born&#8221;.<\/p>\n<p>En vistes a aquest objectiu, la regidora organitzar\u00e0 una sessi\u00f3 informativa en una data\u00a0encara per concretar entre\u00a0aquest mes i el que ve, en qu\u00e8\u00a0vol donar informaci\u00f3 sobre com estan formats els pressupostos\u00a0i dotar d&#8217;eines de decisi\u00f3 als ve\u00efns que estiguin interessats a dir-hi la seva.<\/p>\n","protected":false},"excerpt":{"rendered":"<p>Des de la regidoria d&#8217;hisenda de l&#8217;ajuntament de Santpedor hi ha el comprom\u00eds d&#8217;obrir el proc\u00e9s de\u00a0deliberaci\u00f3 i redacci\u00f3\u00a0dels pressupostos de l&#8217;any que ve, 2017, a la gent del poble. Aix\u00ed ho va\u00a0fer p\u00fablic\u00a0la regidora d&#8217;hisenda, Judit Raja, al ple municipal de gener i tamb\u00e9 al programa Pla\u00e7a Gran de R\u00e0dio Santpedor, tot i que [&hellip;]<\/p>\n","protected":false},"author":1,"featured_media":4041,"comment_status":"closed","ping_status":"closed","sticky":false,"template":"","format":"standard","meta":{"footnotes":""},"categories":[3,136],"tags":[7,96,317,113],"class_list":{"0":"post-4040","1":"post","2":"type-post","3":"status-publish","4":"format-standard","5":"has-post-thumbnail","7":"category-noticies","8":"category-politica-i-economia","9":"tag-ajuntament","10":"tag-placa-gran","11":"tag-pressupostos","12":"tag-santpedor"},"_links":{"self":[{"href":"https:\/\/santpedor.net\/radio\/wp-json\/wp\/v2\/posts\/4040","targetHints":{"allow":["GET"]}}],"collection":[{"href":"https:\/\/santpedor.net\/radio\/wp-json\/wp\/v2\/posts"}],"about":[{"href":"https:\/\/santpedor.net\/radio\/wp-json\/wp\/v2\/types\/post"}],"author":[{"embeddable":true,"href":"https:\/\/santpedor.net\/radio\/wp-json\/wp\/v2\/users\/1"}],"replies":[{"embeddable":true,"href":"https:\/\/santpedor.net\/radio\/wp-json\/wp\/v2\/comments?post=4040"}],"version-history":[{"count":0,"href":"https:\/\/santpedor.net\/radio\/wp-json\/wp\/v2\/posts\/4040\/revisions"}],"wp:featuredmedia":[{"embeddable":true,"href":"https:\/\/santpedor.net\/radio\/wp-json\/wp\/v2\/media\/4041"}],"wp:attachment":[{"href":"https:\/\/santpedor.net\/radio\/wp-json\/wp\/v2\/media?parent=4040"}],"wp:term":[{"taxonomy":"category","embeddable":true,"href":"https:\/\/santpedor.net\/radio\/wp-json\/wp\/v2\/categories?post=4040"},{"taxonomy":"post_tag","embeddable":true,"href":"https:\/\/santpedor.net\/radio\/wp-json\/wp\/v2\/tags?post=4040"}],"curies":[{"name":"wp","href":"https:\/\/api.w.org\/{rel}","templated":true}]}}