{"id":4125,"date":"2016-02-01T21:52:52","date_gmt":"2016-02-01T20:52:52","guid":{"rendered":"http:\/\/santpedor.net\/wp\/?p=4125"},"modified":"2016-02-01T21:52:52","modified_gmt":"2016-02-01T20:52:52","slug":"arriba-el-renovat-carnaval-de-santpedor-coneix-el-programa","status":"publish","type":"post","link":"https:\/\/santpedor.net\/radio\/arriba-el-renovat-carnaval-de-santpedor-coneix-el-programa\/","title":{"rendered":"Arriba el renovat carnaval de Santpedor, coneix el programa"},"content":{"rendered":"<p>Arriba el carnestoltes a Santpedor amb energies renovades. Aquests any l\u2019ajuntament i la comissi\u00f3 de penyes del poble han decidit potenciar el carnaval per evitar fugues de santpedorencs a d&#8217;altres carnavals de la comarca. L&#8217;objectiu: <strong>convertir el carnaval en la Festa Major d&#8217;hivern del poble<\/strong>. Amb aqueta idea s&#8217;han ideat noves activitats per motivar a la gent a celebrar-ho al poble.<\/p>\n<p>Divendres ser\u00e0 el tret de sortida amb la tradicional ruta del &#8216;Bakalau&#8217; pels diferents bars del poble\u00a0a ritme de xaranga\u00a0amb els valencians\u00a0Kriptonita. Comen\u00e7ar\u00e0 a la Pla\u00e7a Gran i anir\u00e0 passant de bar en bar on s\u2019oferiran begudes i tapes. Cal destacar la parada al bar El Terrer, on es far\u00e0 p\u00fablic i <strong>s\u2019oferir\u00e0 el tast de la beguda -encara secreta- popular de Santpedor<\/strong>. Un beuratge representatiu del poble\u00a0amb qu\u00e8\u00a0diferents persones i col\u00b7lectius del poble han experimentat\u00a0des de fa setmanes, i que ve per quedar-se.\u00a0Un cop acabat el corre-bars, la festa continuar\u00e0 a cal Llovet amb els DJ&#8217;s de la Bo\u00eete Lennon.<\/p>\n<p>Dissabte, la festa continua al mat\u00ed amb el <strong>primer concurs \u201cd\u2019escudella amb pilota\u201d.<\/strong> Aquest concurs est\u00e0 obert a tothom, l\u2019\u00fanic que fa falta \u00e9s presentar-se a la Pla\u00e7a Gran cap a les 10 del mat\u00ed amb tots els estris necessaris per fer l\u2019escudella. Ben dinats, amenitzaran la festa el DJ&#8217;s Jowy i Pere Fernandez, i es\u00a0 far\u00e0 l\u2019entrega de premis de la ruta del &#8216;Bakalau&#8217; i del concurs d\u2019escudella. A part, durant tot el dinar, hi haur\u00e0 una barra on es podr\u00e0 veure i provar la beguda popular santpedorenca.<\/p>\n<p>A dos quarts de set de la tarda, comen\u00e7ar\u00e0 la rua de carnestoltes amb\u00a0el Rei Leru Leru. Tothom que vulgui participar a la rua haur\u00e0 d\u2019inscriure\u2019s el mateix dissabte a les 18h a la Pla\u00e7a Catalunya.<\/p>\n<p>Un cop acabada la rua, hi haur\u00e0 sopar popular a Cal Llovet, i m\u00e9s tard, a mitja nit, ball amb els DJ&#8217;s de la Bo\u00eete Lennon i el grup santpedorenc els 4CAT. A les dues de la matinada, es far\u00e0<strong> l\u2019entrega de premis de la rua i continuar\u00e0 la festa fins a altes hores de la nit.<\/strong><\/p>\n<p>Diumenge el carnestoltes continua, per\u00f2 dedicat als m\u00e9s petits. A les 12h comen\u00e7ar\u00e0 la rua infantil a la Pla\u00e7a de la Font, on es far\u00e0 un recorregut pel nucli del poble amb la companyia del Rei Leru Leru i el DJ Lerele. La rua acabar\u00e0 a Cal Llovet i all\u00e0 continuaran la festa i l\u2019espectacle amb els Ket\u2019s Box.<\/p>\n","protected":false},"excerpt":{"rendered":"<p>Arriba el carnestoltes a Santpedor amb energies renovades. Aquests any l\u2019ajuntament i la comissi\u00f3 de penyes del poble han decidit potenciar el carnaval per evitar fugues de santpedorencs a d&#8217;altres carnavals de la comarca. L&#8217;objectiu: convertir el carnaval en la Festa Major d&#8217;hivern del poble. Amb aqueta idea s&#8217;han ideat noves activitats per motivar a [&hellip;]<\/p>\n","protected":false},"author":1,"featured_media":4126,"comment_status":"closed","ping_status":"closed","sticky":false,"template":"","format":"standard","meta":{"footnotes":""},"categories":[3,137],"tags":[325,338,113],"class_list":{"0":"post-4125","1":"post","2":"type-post","3":"status-publish","4":"format-standard","5":"has-post-thumbnail","7":"category-noticies","8":"category-societat","9":"tag-carnaval","10":"tag-concurs-descudella","11":"tag-santpedor"},"_links":{"self":[{"href":"https:\/\/santpedor.net\/radio\/wp-json\/wp\/v2\/posts\/4125","targetHints":{"allow":["GET"]}}],"collection":[{"href":"https:\/\/santpedor.net\/radio\/wp-json\/wp\/v2\/posts"}],"about":[{"href":"https:\/\/santpedor.net\/radio\/wp-json\/wp\/v2\/types\/post"}],"author":[{"embeddable":true,"href":"https:\/\/santpedor.net\/radio\/wp-json\/wp\/v2\/users\/1"}],"replies":[{"embeddable":true,"href":"https:\/\/santpedor.net\/radio\/wp-json\/wp\/v2\/comments?post=4125"}],"version-history":[{"count":0,"href":"https:\/\/santpedor.net\/radio\/wp-json\/wp\/v2\/posts\/4125\/revisions"}],"wp:featuredmedia":[{"embeddable":true,"href":"https:\/\/santpedor.net\/radio\/wp-json\/wp\/v2\/media\/4126"}],"wp:attachment":[{"href":"https:\/\/santpedor.net\/radio\/wp-json\/wp\/v2\/media?parent=4125"}],"wp:term":[{"taxonomy":"category","embeddable":true,"href":"https:\/\/santpedor.net\/radio\/wp-json\/wp\/v2\/categories?post=4125"},{"taxonomy":"post_tag","embeddable":true,"href":"https:\/\/santpedor.net\/radio\/wp-json\/wp\/v2\/tags?post=4125"}],"curies":[{"name":"wp","href":"https:\/\/api.w.org\/{rel}","templated":true}]}}