{"id":4132,"date":"2016-02-02T12:21:17","date_gmt":"2016-02-02T11:21:17","guid":{"rendered":"http:\/\/santpedor.net\/wp\/?p=4132"},"modified":"2016-02-02T12:21:17","modified_gmt":"2016-02-02T11:21:17","slug":"segueixen-en-marxa-els-tramits-de-les-queixes-per-lactivitat-de-les-avionetes-de-laerodrom-de-sant-fruitos-de-bages","status":"publish","type":"post","link":"https:\/\/santpedor.net\/radio\/segueixen-en-marxa-els-tramits-de-les-queixes-per-lactivitat-de-les-avionetes-de-laerodrom-de-sant-fruitos-de-bages\/","title":{"rendered":"Segueixen en marxa els tr\u00e0mits de les queixes per l&#8217;activitat de les avionetes de l&#8217;aer\u00f2drom de Sant Fruit\u00f3s de Bages"},"content":{"rendered":"<p>El <strong>proc\u00e9s per\u00a0frenar l\u2019activitat a l\u2019aer\u00f2drom de Sant Fruit\u00f3s de Bages no est\u00e0 aturat<\/strong>. L\u2019informe que va fer p\u00fablic la Generalitat la setmana passada no finiquita l\u2019assumpte, nom\u00e9s determina que l\u2019activitat de l\u2019empresa Skydive BCN, que ofereix salts al buit des d\u2019avionetes, es pugui considerar espectacle, tal i com plantejava Converg\u00e8ncia Democr\u00e0tica de Sant Fruit\u00f3s de Bages; i per tant, tanca aquesta via de reclamaci\u00f3.<\/p>\n<p>El proc\u00e9s d&#8217;al\u00b7legacions ja ha acabat -l&#8217;ajuntament de Santpedor les va entregar la setmana passada- i des del consistori estan a l&#8217;espera de que els donin resposta. El regidor de medi ambient, Josep Illa, adverteix, per\u00f2, que &#8220;el proc\u00e9s encara es pot allargar uns mesos. Ara ens han de donar audi\u00e8ncia, i despr\u00e9s modificar els documents urban\u00edstics perqu\u00e8 s&#8217;ajustin a les determinacions que es preguin en el proc\u00e9s. M\u00e9s tard, l&#8217;aprovaci\u00f3 provisional i finalment l&#8217;aprovaci\u00f3 definitiva. En total es podria allargar entre 6 i 12 mesos&#8221;. Amb tot, Illa tamb\u00e9 explica que &#8220;<strong>ara \u00e9s un moment important<\/strong> perqu\u00e8 un cop presentades les al\u00b7legacions es convocar\u00e0 l&#8217;audi\u00e8ncia p\u00fablica per donar el parer de totes les parts i veure les consideracions que s&#8217;han tingut en compte&#8221;.<\/p>\n<p>El proc\u00e9s contra l\u2019activitat d\u2019Skydive BCN, doncs,\u00a0no est\u00e0 aturat, al contrari, segueix el seu ritme i <strong>falta veure la resposta de la Generalitat i les disposicions en el nou Pla Director Urban\u00edstic Aeroportuari <\/strong>de l&#8217;aer\u00f2drom de Sant Fruit\u00f3s. Mentrestant, sembla que la nova ruta que fan les avionetes fa els sorolls una mica menys molestos per alguns ve\u00efns que s\u2019havien queixat.<\/p>\n","protected":false},"excerpt":{"rendered":"<p>El proc\u00e9s per\u00a0frenar l\u2019activitat a l\u2019aer\u00f2drom de Sant Fruit\u00f3s de Bages no est\u00e0 aturat. L\u2019informe que va fer p\u00fablic la Generalitat la setmana passada no finiquita l\u2019assumpte, nom\u00e9s determina que l\u2019activitat de l\u2019empresa Skydive BCN, que ofereix salts al buit des d\u2019avionetes, es pugui considerar espectacle, tal i com plantejava Converg\u00e8ncia Democr\u00e0tica de Sant Fruit\u00f3s [&hellip;]<\/p>\n","protected":false},"author":1,"featured_media":4133,"comment_status":"closed","ping_status":"closed","sticky":false,"template":"","format":"standard","meta":{"footnotes":""},"categories":[3,136],"tags":[339,171,28,113,243],"class_list":{"0":"post-4132","1":"post","2":"type-post","3":"status-publish","4":"format-standard","5":"has-post-thumbnail","7":"category-noticies","8":"category-politica-i-economia","9":"tag-aerodrom","10":"tag-generalitat","11":"tag-sant-fruitos-de-bages","12":"tag-santpedor","13":"tag-skydive-bcn"},"_links":{"self":[{"href":"https:\/\/santpedor.net\/radio\/wp-json\/wp\/v2\/posts\/4132","targetHints":{"allow":["GET"]}}],"collection":[{"href":"https:\/\/santpedor.net\/radio\/wp-json\/wp\/v2\/posts"}],"about":[{"href":"https:\/\/santpedor.net\/radio\/wp-json\/wp\/v2\/types\/post"}],"author":[{"embeddable":true,"href":"https:\/\/santpedor.net\/radio\/wp-json\/wp\/v2\/users\/1"}],"replies":[{"embeddable":true,"href":"https:\/\/santpedor.net\/radio\/wp-json\/wp\/v2\/comments?post=4132"}],"version-history":[{"count":0,"href":"https:\/\/santpedor.net\/radio\/wp-json\/wp\/v2\/posts\/4132\/revisions"}],"wp:featuredmedia":[{"embeddable":true,"href":"https:\/\/santpedor.net\/radio\/wp-json\/wp\/v2\/media\/4133"}],"wp:attachment":[{"href":"https:\/\/santpedor.net\/radio\/wp-json\/wp\/v2\/media?parent=4132"}],"wp:term":[{"taxonomy":"category","embeddable":true,"href":"https:\/\/santpedor.net\/radio\/wp-json\/wp\/v2\/categories?post=4132"},{"taxonomy":"post_tag","embeddable":true,"href":"https:\/\/santpedor.net\/radio\/wp-json\/wp\/v2\/tags?post=4132"}],"curies":[{"name":"wp","href":"https:\/\/api.w.org\/{rel}","templated":true}]}}