{"id":4140,"date":"2016-02-04T20:11:16","date_gmt":"2016-02-04T19:11:16","guid":{"rendered":"http:\/\/santpedor.net\/wp\/?p=4140"},"modified":"2016-02-04T20:11:16","modified_gmt":"2016-02-04T19:11:16","slug":"lleuger-descens-de-latur-a-santpedor-al-gener","status":"publish","type":"post","link":"https:\/\/santpedor.net\/radio\/lleuger-descens-de-latur-a-santpedor-al-gener\/","title":{"rendered":"Lleuger descens de l&#8217;atur a Santpedor al gener"},"content":{"rendered":"<p>Segueix la din\u00e0mica positiva pel qu\u00e8 fa a l&#8217;ocupaci\u00f3 al poble. Segons les dades de l&#8217;Observatori d&#8217;Empresa i Ocupaci\u00f3 de la Generalitat, el descens \u00e9s petit, de l&#8217;1%, per\u00f2 d\u00f3na continu\u00eftat a a la sostinguda davallada de l&#8217;atur dels \u00faltims mesos. Aix\u00ed, a dia d&#8217;avui s\u00f3n 369 persones aturades, que a desembre de 2015 -llavors eren 373- suposaven un 10,79% d&#8217;atur registral.<\/p>\n<p>Unes dades gaireb\u00e9 cinc punts per sota del total de la comarca, el Bages, on l&#8217;atur registral es situava, al desembre, en una taxa del 15,14%. Pel qu\u00e8 fa a aquest mes de gener, al Bages, el descens ha sigut irrisori, i es mant\u00e9 el n\u00famero de desocupats per damunt de les 12.500 persones -12.510 en concret-.<\/p>\n","protected":false},"excerpt":{"rendered":"<p>Segueix la din\u00e0mica positiva pel qu\u00e8 fa a l&#8217;ocupaci\u00f3 al poble. Segons les dades de l&#8217;Observatori d&#8217;Empresa i Ocupaci\u00f3 de la Generalitat, el descens \u00e9s petit, de l&#8217;1%, per\u00f2 d\u00f3na continu\u00eftat a a la sostinguda davallada de l&#8217;atur dels \u00faltims mesos. Aix\u00ed, a dia d&#8217;avui s\u00f3n 369 persones aturades, que a desembre de 2015 -llavors [&hellip;]<\/p>\n","protected":false},"author":1,"featured_media":4141,"comment_status":"closed","ping_status":"closed","sticky":false,"template":"","format":"standard","meta":{"footnotes":""},"categories":[3,136],"tags":[45,17,171,341,113],"class_list":{"0":"post-4140","1":"post","2":"type-post","3":"status-publish","4":"format-standard","5":"has-post-thumbnail","7":"category-noticies","8":"category-politica-i-economia","9":"tag-atur","10":"tag-bages","11":"tag-generalitat","12":"tag-observatori-empresa-i-ocupacio","13":"tag-santpedor"},"_links":{"self":[{"href":"https:\/\/santpedor.net\/radio\/wp-json\/wp\/v2\/posts\/4140","targetHints":{"allow":["GET"]}}],"collection":[{"href":"https:\/\/santpedor.net\/radio\/wp-json\/wp\/v2\/posts"}],"about":[{"href":"https:\/\/santpedor.net\/radio\/wp-json\/wp\/v2\/types\/post"}],"author":[{"embeddable":true,"href":"https:\/\/santpedor.net\/radio\/wp-json\/wp\/v2\/users\/1"}],"replies":[{"embeddable":true,"href":"https:\/\/santpedor.net\/radio\/wp-json\/wp\/v2\/comments?post=4140"}],"version-history":[{"count":0,"href":"https:\/\/santpedor.net\/radio\/wp-json\/wp\/v2\/posts\/4140\/revisions"}],"wp:featuredmedia":[{"embeddable":true,"href":"https:\/\/santpedor.net\/radio\/wp-json\/wp\/v2\/media\/4141"}],"wp:attachment":[{"href":"https:\/\/santpedor.net\/radio\/wp-json\/wp\/v2\/media?parent=4140"}],"wp:term":[{"taxonomy":"category","embeddable":true,"href":"https:\/\/santpedor.net\/radio\/wp-json\/wp\/v2\/categories?post=4140"},{"taxonomy":"post_tag","embeddable":true,"href":"https:\/\/santpedor.net\/radio\/wp-json\/wp\/v2\/tags?post=4140"}],"curies":[{"name":"wp","href":"https:\/\/api.w.org\/{rel}","templated":true}]}}