{"id":4155,"date":"2016-02-12T16:23:50","date_gmt":"2016-02-12T15:23:50","guid":{"rendered":"http:\/\/santpedor.net\/wp\/?p=4155"},"modified":"2016-02-12T16:23:50","modified_gmt":"2016-02-12T15:23:50","slug":"laura-vilagra-em-pertoca-transmetre-els-neguits-anhels-i-inquietuds-de-tots-vostes-al-govern","status":"publish","type":"post","link":"https:\/\/santpedor.net\/radio\/laura-vilagra-em-pertoca-transmetre-els-neguits-anhels-i-inquietuds-de-tots-vostes-al-govern\/","title":{"rendered":"Laura Vilagr\u00e0: &#8220;em pertoca transmetre els neguits, anhels i inquietuds de tots vost\u00e8s al govern&#8221;"},"content":{"rendered":"<p>Laura Vilagr\u00e0 ha pres possessi\u00f3 oficialment com a nova delegada del govern de la Generalitat\u00a0a la Catalunya Central. L&#8217;ex alcaldessa de Santpedor, ben acompanyada pel vicepresident del govern, Oriol Junqueras, s&#8217;ha mostrat ilusionada i ha recalcat que seria &#8220;corretja de transmissi\u00f3 de les pol\u00edtiques del govern a a la Catalunya Central, per\u00f2 tamb\u00e9 transmissora dels neguits, anhels i inquietuds de tots vost\u00e8s al govern&#8221;. I \u00e9s que a l&#8217;edifici FUB2 del Campus Manresa de la Universitat de Vic-Universitat Central de Catalunya, on s&#8217;ha realitzat l&#8217;acte,\u00a0hi havia molts comandaments d&#8217;institucions de la regi\u00f3 (mossos, emerg\u00e8ncies, universitat, consell comarcal, etc.) i tamb\u00e9 alcaldes de municipis de la comarca que han volgut acompanyar Vilagr\u00e0 en la presa de possessi\u00f3, entre ells, el de Santpedor, Xavier Codina.<\/p>\n<p>Vilagr\u00e0 tamb\u00e9 ha afirmat que el seu mandat &#8220;\u00e9s construir una\u00a0Catalunya\u00a0Central forta, que no centralista, cohesionada, que no uniforme, on tothom es trobi c\u00f2mode, actuant amb generositat, solidaritat, sentit de pa\u00eds, coher\u00e8ncia, rigor i il\u00b7lusi\u00f3&#8221;. A m\u00e9s, ha\u00a0reivindicat la tasca dels seus predecessors al c\u00e0rrec en els \u00faltims 10 anys, des que es va crear la figura del delegat a la Catalunya Central, apel\u00b7lant a la millora en \u00e0mbits com la salut o els serveis socials i a la\u00a0valoraci\u00f3 de les comarques centrals com algunes de les m\u00e9s ben valorades per viure-hi per part dels seus propis habitants.<\/p>\n<p>Per la seva banda, Oriol Junqueras ha emfatitzat la import\u00e0ncia que el govern d\u00f3na a la relaci\u00f3 amb el territori: &#8220;hem volgut vincular el departament d&#8217;economia al territori i que la vicepresid\u00e8ncia coordin\u00e9s els diferents delegats al pa\u00eds perqu\u00e8 estem conven\u00e7uts que nom\u00e9s amb un govern molt proper al territori i un territori que es senti molt proper al govern, podem afrontar els reptes que tenim al davant&#8221;.<\/p>\n<p>Com a exemple d&#8217;aix\u00f2, el\u00a0vicepresident i conseller d&#8217;economia\u00a0ha parlat de la col\u00b7laboraci\u00f3 de les diferents institucions i ajuntaments per fer possible el tram de la\u00a0l\u00ednia 9\u00a0del metro de Barcelona\u00a0a l&#8217;aeroport, recalcant, aix\u00f2 s\u00ed, que l&#8217;estat espanyol no hi ha donat gens de suport.<\/p>\n","protected":false},"excerpt":{"rendered":"<p>Laura Vilagr\u00e0 ha pres possessi\u00f3 oficialment com a nova delegada del govern de la Generalitat\u00a0a la Catalunya Central. L&#8217;ex alcaldessa de Santpedor, ben acompanyada pel vicepresident del govern, Oriol Junqueras, s&#8217;ha mostrat ilusionada i ha recalcat que seria &#8220;corretja de transmissi\u00f3 de les pol\u00edtiques del govern a a la Catalunya Central, per\u00f2 tamb\u00e9 transmissora dels [&hellip;]<\/p>\n","protected":false},"author":1,"featured_media":4156,"comment_status":"closed","ping_status":"closed","sticky":false,"template":"","format":"standard","meta":{"footnotes":""},"categories":[3,136],"tags":[171,25,345,113],"class_list":{"0":"post-4155","1":"post","2":"type-post","3":"status-publish","4":"format-standard","5":"has-post-thumbnail","7":"category-noticies","8":"category-politica-i-economia","9":"tag-generalitat","10":"tag-laura-vilagra","11":"tag-oriol-junqueras","12":"tag-santpedor"},"_links":{"self":[{"href":"https:\/\/santpedor.net\/radio\/wp-json\/wp\/v2\/posts\/4155","targetHints":{"allow":["GET"]}}],"collection":[{"href":"https:\/\/santpedor.net\/radio\/wp-json\/wp\/v2\/posts"}],"about":[{"href":"https:\/\/santpedor.net\/radio\/wp-json\/wp\/v2\/types\/post"}],"author":[{"embeddable":true,"href":"https:\/\/santpedor.net\/radio\/wp-json\/wp\/v2\/users\/1"}],"replies":[{"embeddable":true,"href":"https:\/\/santpedor.net\/radio\/wp-json\/wp\/v2\/comments?post=4155"}],"version-history":[{"count":0,"href":"https:\/\/santpedor.net\/radio\/wp-json\/wp\/v2\/posts\/4155\/revisions"}],"wp:featuredmedia":[{"embeddable":true,"href":"https:\/\/santpedor.net\/radio\/wp-json\/wp\/v2\/media\/4156"}],"wp:attachment":[{"href":"https:\/\/santpedor.net\/radio\/wp-json\/wp\/v2\/media?parent=4155"}],"wp:term":[{"taxonomy":"category","embeddable":true,"href":"https:\/\/santpedor.net\/radio\/wp-json\/wp\/v2\/categories?post=4155"},{"taxonomy":"post_tag","embeddable":true,"href":"https:\/\/santpedor.net\/radio\/wp-json\/wp\/v2\/tags?post=4155"}],"curies":[{"name":"wp","href":"https:\/\/api.w.org\/{rel}","templated":true}]}}