{"id":4165,"date":"2016-02-15T11:07:28","date_gmt":"2016-02-15T10:07:28","guid":{"rendered":"http:\/\/santpedor.net\/wp\/?p=4165"},"modified":"2016-02-15T11:07:28","modified_gmt":"2016-02-15T10:07:28","slug":"cavalls-i-carruatges-inunden-santpedor-pels-tres-tombs-de-sant-antoni","status":"publish","type":"post","link":"https:\/\/santpedor.net\/radio\/cavalls-i-carruatges-inunden-santpedor-pels-tres-tombs-de-sant-antoni\/","title":{"rendered":"Cavalls i carruatges inunden Santpedor pels Tres Tombs de Sant Antoni"},"content":{"rendered":"<p>M\u00e9s d&#8217;un centenar de participants -segons els organitzadors- <strong>van omplir ahir amb carros i cavalls els carrers del poble<\/strong> en motiu de la tradicional volta dels Tres Tombs de Sant Antoni. A les 12 en punt del migdia la comitiva que s&#8217;havia concentrat durant el mat\u00ed a Cal Llovet va comen\u00e7ar a desfilar pels carrers m\u00e9s c\u00e8ntrics del poble fins arribar a la Pla\u00e7a de l&#8217;Esgl\u00e9sia, on el moss\u00e8n Joan va beneir. com \u00e9s tradici\u00f3, els animals que havia portat la gent. L&#8217;Escola de M\u00fasica de Santpedor tamb\u00e9 va participar de la festa, tocant a la Pla\u00e7a de l&#8217;Esgl\u00e9sia; m\u00e9s tard, a la tarda, van ser el grup Andreus Trio qui va posar el colof\u00f3 final a la jornada amb la seva actuaci\u00f3 a Cal Llovet. <a href=\"http:\/\/santpedor.net\/radio\/wp-content\/uploads\/2016\/02\/tres-tombs-sant-antoni-2016.jpg\" rel=\"attachment wp-att-4167\"><img loading=\"lazy\" decoding=\"async\" class=\"alignright  wp-image-4167\" src=\"http:\/\/santpedor.net\/radio\/wp-content\/uploads\/2016\/02\/tres-tombs-sant-antoni-2016-300x169.jpg\" alt=\"tres tombs sant antoni 2016\" width=\"485\" height=\"289\" \/><\/a><\/p>\n<p>La festa dels traginers per Sant Antoni \u00e9s <strong>un esdeveniment que ve d&#8217;enrere, del segle XV<\/strong>, tot i que entrat al segle XX es va perdre. Des de fa 20 anys, l&#8217;entitat Equiset, principal organitzadora de la trobada, va recuperar-la i mira de potenciar-la any rere any. Enguany la festa arribava una mica m\u00e9s tard -normalment \u00e9s a finals de gener-, segons un dels organitzadors, Francesc Cos, el motiu \u00e9s que &#8220;cada vegada hi ha menys animals i repartim el calendari amb diferents pobles perqu\u00e8, per exemple, els de Sant Joan puguin venir a Santpedor i viceversa, de forma consecutiva&#8221;.<\/p>\n<p>&nbsp;<\/p>\n","protected":false},"excerpt":{"rendered":"<p>M\u00e9s d&#8217;un centenar de participants -segons els organitzadors- van omplir ahir amb carros i cavalls els carrers del poble en motiu de la tradicional volta dels Tres Tombs de Sant Antoni. A les 12 en punt del migdia la comitiva que s&#8217;havia concentrat durant el mat\u00ed a Cal Llovet va comen\u00e7ar a desfilar pels carrers [&hellip;]<\/p>\n","protected":false},"author":1,"featured_media":4166,"comment_status":"closed","ping_status":"closed","sticky":false,"template":"","format":"standard","meta":{"footnotes":""},"categories":[3,137],"tags":[346,113,347,348],"class_list":{"0":"post-4165","1":"post","2":"type-post","3":"status-publish","4":"format-standard","5":"has-post-thumbnail","7":"category-noticies","8":"category-societat","9":"tag-sant-antoni","10":"tag-santpedor","11":"tag-tres-tombs","12":"tag-tres-tombs-de-sant-antoni"},"_links":{"self":[{"href":"https:\/\/santpedor.net\/radio\/wp-json\/wp\/v2\/posts\/4165","targetHints":{"allow":["GET"]}}],"collection":[{"href":"https:\/\/santpedor.net\/radio\/wp-json\/wp\/v2\/posts"}],"about":[{"href":"https:\/\/santpedor.net\/radio\/wp-json\/wp\/v2\/types\/post"}],"author":[{"embeddable":true,"href":"https:\/\/santpedor.net\/radio\/wp-json\/wp\/v2\/users\/1"}],"replies":[{"embeddable":true,"href":"https:\/\/santpedor.net\/radio\/wp-json\/wp\/v2\/comments?post=4165"}],"version-history":[{"count":0,"href":"https:\/\/santpedor.net\/radio\/wp-json\/wp\/v2\/posts\/4165\/revisions"}],"wp:featuredmedia":[{"embeddable":true,"href":"https:\/\/santpedor.net\/radio\/wp-json\/wp\/v2\/media\/4166"}],"wp:attachment":[{"href":"https:\/\/santpedor.net\/radio\/wp-json\/wp\/v2\/media?parent=4165"}],"wp:term":[{"taxonomy":"category","embeddable":true,"href":"https:\/\/santpedor.net\/radio\/wp-json\/wp\/v2\/categories?post=4165"},{"taxonomy":"post_tag","embeddable":true,"href":"https:\/\/santpedor.net\/radio\/wp-json\/wp\/v2\/tags?post=4165"}],"curies":[{"name":"wp","href":"https:\/\/api.w.org\/{rel}","templated":true}]}}