{"id":4193,"date":"2016-02-22T15:18:57","date_gmt":"2016-02-22T14:18:57","guid":{"rendered":"http:\/\/santpedor.net\/wp\/?p=4193"},"modified":"2016-10-24T00:06:29","modified_gmt":"2016-10-23T22:06:29","slug":"la-carretera-de-manresa-tindra-una-nova-rotonda-a-ampans","status":"publish","type":"post","link":"https:\/\/santpedor.net\/radio\/la-carretera-de-manresa-tindra-una-nova-rotonda-a-ampans\/","title":{"rendered":"La carretera de Manresa tindr\u00e0 una nova rotonda a Ampans"},"content":{"rendered":"<p><audio class=\"wp-audio-shortcode\" id=\"audio-4193-1\" preload=\"none\" style=\"width: 100%;\" controls=\"controls\"><source type=\"audio\/mpeg\" src=\"http:\/\/santpedor.net\/audio\/progs\/ple.mp3?_=1\" \/><a href=\"http:\/\/santpedor.net\/audio\/progs\/ple.mp3\">http:\/\/santpedor.net\/audio\/progs\/ple.mp3<\/a><\/audio><br \/>\nLa carretera de Santpedor a Manresa (BV 4501) tindr\u00e0 una nova rotonda a mig cam\u00ed, en el trencall cap a Ampans. Aix\u00ed ho preveu el pla especial que s\u2019est\u00e0 redactant per a aquesta zona i que podria estar enllestit entre aquest any i el que ve. Ho va avan\u00e7ar el regidor de Medi Ambient i Urbanisme de l\u2019Ajuntament, \u00a0Josep Illa, al programa <em><strong>Pla\u00e7a Gran<\/strong><\/em> d\u2019aquest mes. Ser\u00e0 la tercera rotonda que els santpedorencs es troben per anar a Manresa, juntament amb les dues que hi ha al Parc de l\u2019Agulla (i si continuen recte fins a La Salle, en v\u00e9nen dues m\u00e9s).<\/p>\n<p>El que encara no est\u00e0 definit, segons ha explicat el regidor, \u00e9s quin tra\u00e7at tindr\u00e0 el carril bici que la Generalitat vol finan\u00e7ar, i que possiblement no segueixi el mateix recorregut que la carretera.<\/p>\n<p>El regidor tamb\u00e9 explica en el programa la reuni\u00f3 que va mantenir amb el Departament de Territori i Sostenibilitat sobre els vols a l\u2019aer\u00f2drom de Sant Fruit\u00f3s. Aix\u00ed com les mol\u00e8sties pel soroll sembla que el govern no les t\u00e9 en compte, s\u00ed que han pres nota d\u2019altres efectes negatius que els vols podrien comportar pel nostre poble.<\/p>\n","protected":false},"excerpt":{"rendered":"<p>La carretera de Santpedor a Manresa (BV 4501) tindr\u00e0 una nova rotonda a mig cam\u00ed, en el trencall cap a Ampans. Aix\u00ed ho preveu el pla especial que s\u2019est\u00e0 redactant per a aquesta zona i que podria estar enllestit entre aquest any i el que ve. Ho va avan\u00e7ar el regidor de Medi Ambient i [&hellip;]<\/p>\n","protected":false},"author":4,"featured_media":4201,"comment_status":"closed","ping_status":"closed","sticky":false,"template":"","format":"standard","meta":{"footnotes":""},"categories":[3,356,535],"tags":[7,382,96,409,568,113],"class_list":{"0":"post-4193","1":"post","2":"type-post","3":"status-publish","4":"format-standard","5":"has-post-thumbnail","7":"category-noticies","8":"category-placa-gran","9":"category-programes","10":"tag-ajuntament","11":"tag-ampans","12":"tag-placa-gran","13":"tag-ple-municipal","14":"tag-rotonda","15":"tag-santpedor"},"_links":{"self":[{"href":"https:\/\/santpedor.net\/radio\/wp-json\/wp\/v2\/posts\/4193","targetHints":{"allow":["GET"]}}],"collection":[{"href":"https:\/\/santpedor.net\/radio\/wp-json\/wp\/v2\/posts"}],"about":[{"href":"https:\/\/santpedor.net\/radio\/wp-json\/wp\/v2\/types\/post"}],"author":[{"embeddable":true,"href":"https:\/\/santpedor.net\/radio\/wp-json\/wp\/v2\/users\/4"}],"replies":[{"embeddable":true,"href":"https:\/\/santpedor.net\/radio\/wp-json\/wp\/v2\/comments?post=4193"}],"version-history":[{"count":0,"href":"https:\/\/santpedor.net\/radio\/wp-json\/wp\/v2\/posts\/4193\/revisions"}],"wp:featuredmedia":[{"embeddable":true,"href":"https:\/\/santpedor.net\/radio\/wp-json\/wp\/v2\/media\/4201"}],"wp:attachment":[{"href":"https:\/\/santpedor.net\/radio\/wp-json\/wp\/v2\/media?parent=4193"}],"wp:term":[{"taxonomy":"category","embeddable":true,"href":"https:\/\/santpedor.net\/radio\/wp-json\/wp\/v2\/categories?post=4193"},{"taxonomy":"post_tag","embeddable":true,"href":"https:\/\/santpedor.net\/radio\/wp-json\/wp\/v2\/tags?post=4193"}],"curies":[{"name":"wp","href":"https:\/\/api.w.org\/{rel}","templated":true}]}}