{"id":4202,"date":"2016-02-24T23:09:48","date_gmt":"2016-02-24T22:09:48","guid":{"rendered":"http:\/\/santpedor.net\/wp\/?p=4202"},"modified":"2016-02-24T23:09:48","modified_gmt":"2016-02-24T22:09:48","slug":"la-insistencia-dona-fruit-reunio-a-la-vista-per-desbloquejar-les-places-concertades-de-la-residencia","status":"publish","type":"post","link":"https:\/\/santpedor.net\/radio\/la-insistencia-dona-fruit-reunio-a-la-vista-per-desbloquejar-les-places-concertades-de-la-residencia\/","title":{"rendered":"La insist\u00e8ncia d\u00f3na fruit: reuni\u00f3 a la vista per desbloquejar les places concertades de la resid\u00e8ncia"},"content":{"rendered":"<p>El proper <strong>8 de mar\u00e7 el Secretari General de Protecci\u00f3 Social de la Generalitat rebr\u00e0 l&#8217;alcalde de Santpedor<\/strong>, Xavier Codina, per desencallar les places concertades de la resid\u00e8ncia de Can Jorba. A la reuni\u00f3, est\u00e0 previst que hi assisteixin tamb\u00e9\u00a0la regidora de Serveis Socials, Laura Tarradellas, i la Delegada del Govern a la Catalunya Central, Laura Vilagr\u00e0. Des del consistori santpedorenc hi ha un optimisme moderat al voltant de la reuni\u00f3. Es\u00a0creu que, <strong>aquest cop s\u00ed, podria ser la definitiva<\/strong> i que la Generalitat, amb el nou govern,\u00a0obri l&#8217;aixeta per sufragar les places concertades de la resid\u00e8ncia de Can Jorba.<\/p>\n<p>Les places concertades per la resid\u00e8ncia s\u00f3n una vella reivindicaci\u00f3 de l&#8217;ajuntament de Santpedor a la Generalitat des que es van iniciar les obres de la nova resid\u00e8ncia. Fins ara, per\u00f2, el govern s&#8217;ha escudat en la crisi per apla\u00e7ar indefinidament aquests ajuts. \u00c9s per aix\u00f2 que el propi <strong>ajuntament es va fer c\u00e0rrec, l&#8217;any passat, de 40 places concertades<\/strong> a Can Jorba, a trav\u00e9s d&#8217;una partida pressupost\u00e0ria de 200.000\u20ac del reglament de prestacions socials.<\/p>\n<p>&nbsp;<\/p>\n<p>&nbsp;<\/p>\n","protected":false},"excerpt":{"rendered":"<p>El proper 8 de mar\u00e7 el Secretari General de Protecci\u00f3 Social de la Generalitat rebr\u00e0 l&#8217;alcalde de Santpedor, Xavier Codina, per desencallar les places concertades de la resid\u00e8ncia de Can Jorba. A la reuni\u00f3, est\u00e0 previst que hi assisteixin tamb\u00e9\u00a0la regidora de Serveis Socials, Laura Tarradellas, i la Delegada del Govern a la Catalunya Central, [&hellip;]<\/p>\n","protected":false},"author":1,"featured_media":4203,"comment_status":"closed","ping_status":"closed","sticky":false,"template":"","format":"standard","meta":{"footnotes":""},"categories":[3,136],"tags":[171,25,357,113,20],"class_list":{"0":"post-4202","1":"post","2":"type-post","3":"status-publish","4":"format-standard","5":"has-post-thumbnail","7":"category-noticies","8":"category-politica-i-economia","9":"tag-generalitat","10":"tag-laura-vilagra","11":"tag-residencia-de-can-jorba","12":"tag-santpedor","13":"tag-xavier-codina"},"_links":{"self":[{"href":"https:\/\/santpedor.net\/radio\/wp-json\/wp\/v2\/posts\/4202","targetHints":{"allow":["GET"]}}],"collection":[{"href":"https:\/\/santpedor.net\/radio\/wp-json\/wp\/v2\/posts"}],"about":[{"href":"https:\/\/santpedor.net\/radio\/wp-json\/wp\/v2\/types\/post"}],"author":[{"embeddable":true,"href":"https:\/\/santpedor.net\/radio\/wp-json\/wp\/v2\/users\/1"}],"replies":[{"embeddable":true,"href":"https:\/\/santpedor.net\/radio\/wp-json\/wp\/v2\/comments?post=4202"}],"version-history":[{"count":0,"href":"https:\/\/santpedor.net\/radio\/wp-json\/wp\/v2\/posts\/4202\/revisions"}],"wp:featuredmedia":[{"embeddable":true,"href":"https:\/\/santpedor.net\/radio\/wp-json\/wp\/v2\/media\/4203"}],"wp:attachment":[{"href":"https:\/\/santpedor.net\/radio\/wp-json\/wp\/v2\/media?parent=4202"}],"wp:term":[{"taxonomy":"category","embeddable":true,"href":"https:\/\/santpedor.net\/radio\/wp-json\/wp\/v2\/categories?post=4202"},{"taxonomy":"post_tag","embeddable":true,"href":"https:\/\/santpedor.net\/radio\/wp-json\/wp\/v2\/tags?post=4202"}],"curies":[{"name":"wp","href":"https:\/\/api.w.org\/{rel}","templated":true}]}}