{"id":4282,"date":"2016-03-10T00:02:37","date_gmt":"2016-03-09T23:02:37","guid":{"rendered":"http:\/\/santpedor.net\/wp\/?p=4282"},"modified":"2016-03-10T00:02:37","modified_gmt":"2016-03-09T23:02:37","slug":"els-nous-pressupostos-de-la-generalitat-son-el-desllorigador-de-les-places-concertades-de-la-residencia","status":"publish","type":"post","link":"https:\/\/santpedor.net\/radio\/els-nous-pressupostos-de-la-generalitat-son-el-desllorigador-de-les-places-concertades-de-la-residencia\/","title":{"rendered":"Els nous pressupostos de la Generalitat s\u00f3n el desllorigador de les places concertades de la resid\u00e8ncia"},"content":{"rendered":"<p>Optimisme a l&#8217;ajuntament de Santpedor despr\u00e9s de la <strong>reuni\u00f3 d&#8217;aquest dimarts amb el Departament d&#8217;Acci\u00f3 Social<\/strong>, que s&#8217;havia convocat per\u00a0mirar de desbloquejar les places de la resid\u00e8ncia Can Jorba que la\u00a0Generalitat fa anys que va prometre finan\u00e7ar. Una trobada en qu\u00e8 hi va haver sintonia i on el Secretari General de Protecci\u00f3 Social va admetre que era una &#8220;anomalia&#8221; que encara no s&#8217;hagu\u00e9ssin concertat places. Amb tot, la pilota ara \u00e9s a la teulada del Parlament de Catalunya, que ha d&#8217;aprovar els nous pressupostos en les properes setmanes. I \u00e9s que amb els actuals pressupostos prorrogats no hi haurien diners per sufragar les places concertades.<\/p>\n<p>Amb tot, amb l&#8217;entrada del nou govern, les vibracions s\u00f3n bones. La reuni\u00f3 de dimarts va deixar els presents, Xavier Codina, Laura Vilagr\u00e0 -com a Delegada del Govern a la Catalunya Central-, i Laura Tarradellas -regidora d&#8217;acci\u00f3 social-, amb el convenciment que <strong>hi haur\u00e0 places concertades si al Parlament s&#8217;arriba\u00a0a un acord per fer nous pressupostos<\/strong>.<\/p>\n<p>&nbsp;<\/p>\n","protected":false},"excerpt":{"rendered":"<p>Optimisme a l&#8217;ajuntament de Santpedor despr\u00e9s de la reuni\u00f3 d&#8217;aquest dimarts amb el Departament d&#8217;Acci\u00f3 Social, que s&#8217;havia convocat per\u00a0mirar de desbloquejar les places de la resid\u00e8ncia Can Jorba que la\u00a0Generalitat fa anys que va prometre finan\u00e7ar. Una trobada en qu\u00e8 hi va haver sintonia i on el Secretari General de Protecci\u00f3 Social va admetre [&hellip;]<\/p>\n","protected":false},"author":1,"featured_media":4283,"comment_status":"closed","ping_status":"closed","sticky":false,"template":"","format":"standard","meta":{"footnotes":""},"categories":[3,136],"tags":[372,171,25,113,20],"class_list":{"0":"post-4282","1":"post","2":"type-post","3":"status-publish","4":"format-standard","5":"has-post-thumbnail","7":"category-noticies","8":"category-politica-i-economia","9":"tag-can-jorba","10":"tag-generalitat","11":"tag-laura-vilagra","12":"tag-santpedor","13":"tag-xavier-codina"},"_links":{"self":[{"href":"https:\/\/santpedor.net\/radio\/wp-json\/wp\/v2\/posts\/4282","targetHints":{"allow":["GET"]}}],"collection":[{"href":"https:\/\/santpedor.net\/radio\/wp-json\/wp\/v2\/posts"}],"about":[{"href":"https:\/\/santpedor.net\/radio\/wp-json\/wp\/v2\/types\/post"}],"author":[{"embeddable":true,"href":"https:\/\/santpedor.net\/radio\/wp-json\/wp\/v2\/users\/1"}],"replies":[{"embeddable":true,"href":"https:\/\/santpedor.net\/radio\/wp-json\/wp\/v2\/comments?post=4282"}],"version-history":[{"count":0,"href":"https:\/\/santpedor.net\/radio\/wp-json\/wp\/v2\/posts\/4282\/revisions"}],"wp:featuredmedia":[{"embeddable":true,"href":"https:\/\/santpedor.net\/radio\/wp-json\/wp\/v2\/media\/4283"}],"wp:attachment":[{"href":"https:\/\/santpedor.net\/radio\/wp-json\/wp\/v2\/media?parent=4282"}],"wp:term":[{"taxonomy":"category","embeddable":true,"href":"https:\/\/santpedor.net\/radio\/wp-json\/wp\/v2\/categories?post=4282"},{"taxonomy":"post_tag","embeddable":true,"href":"https:\/\/santpedor.net\/radio\/wp-json\/wp\/v2\/tags?post=4282"}],"curies":[{"name":"wp","href":"https:\/\/api.w.org\/{rel}","templated":true}]}}