{"id":4346,"date":"2016-03-24T16:03:19","date_gmt":"2016-03-24T15:03:19","guid":{"rendered":"http:\/\/santpedor.net\/wp\/?p=4346"},"modified":"2016-03-24T16:03:19","modified_gmt":"2016-03-24T15:03:19","slug":"progres-municipal-es-esceptic-amb-la-reunio-per-desbloquejar-les-places-concertades-de-can-jorba","status":"publish","type":"post","link":"https:\/\/santpedor.net\/radio\/progres-municipal-es-esceptic-amb-la-reunio-per-desbloquejar-les-places-concertades-de-can-jorba\/","title":{"rendered":"Progr\u00e9s Municipal \u00e9s esc\u00e8ptic amb la reuni\u00f3 per desbloquejar les places concertades de Can Jorba"},"content":{"rendered":"<p>Progr\u00e9s Municipal \u00e9s esc\u00e8ptic al respecte de la reuni\u00f3 entre l\u2019alcalde, Xavier Codina, i la Generalitat a principis de mar\u00e7 per desbloquejar les places concertades de la resid\u00e8ncia de Can Jorba. La portaveu de la formaci\u00f3, Fina Rodr\u00edguez, aix\u00ed ho va explicar al programa Pla\u00e7a Gran de R\u00e0dio Santpedor. Segons la socialista, l\u2019optimisme al voltant de la \u00faltima reuni\u00f3 amb el Departament d\u2019Afers Socials de la Generalitat \u00e9s infundat: &#8220;<strong>\u00e9s una reuni\u00f3 com en vam fer d&#8217;altres<\/strong>, quan vam iniciar el tema de la resid\u00e8ncia hi vam anar la Laura Vilagr\u00e0 i jo, tamb\u00e9 amb el Xavier Codina. Aleshores tamb\u00e9 hi havia molt bona voluntat, que despr\u00e9s no es va plasmar en fets&#8221;.<\/p>\n<p>Rodr\u00edguez creu que costar\u00e0 molt i s\u2019haur\u00e0 de remar tots plegats per aconseguir que la Generalitat acabi finan\u00e7ant places a la resid\u00e8ncia. A m\u00e9s, creu que seria un signe negatiu que hi hagi d\u2019haver un canvi de govern perqu\u00e8 aquests temes &#8220;arribin abans a un municipi o un altre&#8221;.<\/p>\n","protected":false},"excerpt":{"rendered":"<p>Progr\u00e9s Municipal \u00e9s esc\u00e8ptic al respecte de la reuni\u00f3 entre l\u2019alcalde, Xavier Codina, i la Generalitat a principis de mar\u00e7 per desbloquejar les places concertades de la resid\u00e8ncia de Can Jorba. La portaveu de la formaci\u00f3, Fina Rodr\u00edguez, aix\u00ed ho va explicar al programa Pla\u00e7a Gran de R\u00e0dio Santpedor. Segons la socialista, l\u2019optimisme al voltant [&hellip;]<\/p>\n","protected":false},"author":1,"featured_media":4347,"comment_status":"closed","ping_status":"closed","sticky":false,"template":"","format":"standard","meta":{"footnotes":""},"categories":[3,136],"tags":[95,384,311],"class_list":{"0":"post-4346","1":"post","2":"type-post","3":"status-publish","4":"format-standard","5":"has-post-thumbnail","7":"category-noticies","8":"category-politica-i-economia","9":"tag-fina-rodriguez","10":"tag-progres-municipal","11":"tag-residencia-can-jorba"},"_links":{"self":[{"href":"https:\/\/santpedor.net\/radio\/wp-json\/wp\/v2\/posts\/4346","targetHints":{"allow":["GET"]}}],"collection":[{"href":"https:\/\/santpedor.net\/radio\/wp-json\/wp\/v2\/posts"}],"about":[{"href":"https:\/\/santpedor.net\/radio\/wp-json\/wp\/v2\/types\/post"}],"author":[{"embeddable":true,"href":"https:\/\/santpedor.net\/radio\/wp-json\/wp\/v2\/users\/1"}],"replies":[{"embeddable":true,"href":"https:\/\/santpedor.net\/radio\/wp-json\/wp\/v2\/comments?post=4346"}],"version-history":[{"count":0,"href":"https:\/\/santpedor.net\/radio\/wp-json\/wp\/v2\/posts\/4346\/revisions"}],"wp:featuredmedia":[{"embeddable":true,"href":"https:\/\/santpedor.net\/radio\/wp-json\/wp\/v2\/media\/4347"}],"wp:attachment":[{"href":"https:\/\/santpedor.net\/radio\/wp-json\/wp\/v2\/media?parent=4346"}],"wp:term":[{"taxonomy":"category","embeddable":true,"href":"https:\/\/santpedor.net\/radio\/wp-json\/wp\/v2\/categories?post=4346"},{"taxonomy":"post_tag","embeddable":true,"href":"https:\/\/santpedor.net\/radio\/wp-json\/wp\/v2\/tags?post=4346"}],"curies":[{"name":"wp","href":"https:\/\/api.w.org\/{rel}","templated":true}]}}