{"id":4383,"date":"2016-04-05T02:54:26","date_gmt":"2016-04-05T00:54:26","guid":{"rendered":"http:\/\/santpedor.net\/wp\/?p=4383"},"modified":"2016-04-05T02:54:26","modified_gmt":"2016-04-05T00:54:26","slug":"laura-vilagra-el-pdu-ha-de-plantejar-un-nou-model-de-mineria-al-bages-que-generi-zero-residus-o-gairebe","status":"publish","type":"post","link":"https:\/\/santpedor.net\/radio\/laura-vilagra-el-pdu-ha-de-plantejar-un-nou-model-de-mineria-al-bages-que-generi-zero-residus-o-gairebe\/","title":{"rendered":"Laura Vilagr\u00e0: &#8220;El PDU ha de plantejar un nou model de mineria al Bages que generi zero residus, o gaireb\u00e9&#8221;"},"content":{"rendered":"<p>Ja fa gaireb\u00e9 tres mesos que Laura Vilagr\u00e0 va retornar a la pol\u00edtica -despr\u00e9s de 12 anys a l&#8217;alcaldia de Santpedor i tres de diputada al Parlament- per assumir la responsabilitat de ser la Delegada del Govern a la Catalunya Central. L&#8217;exalcaldessa santpedorenca s&#8217;ha trobat que &#8220;de cop i volta <strong>t&#8217;has de treure el barret de &#8216;territori&#8217; que sempre havies dut i posar-te el de &#8216;govern&#8217;, i a vegades costa<\/strong>&#8220;. I \u00e9s que la nova tasca de Vilagr\u00e0 \u00e9s, en gran part,\u00a0posar al damunt de les taules dels despatxos i conselleries de la Generalitat els problemes i q\u00fcestions de la Catalunya Central que necessiten intervenci\u00f3 i que d&#8217;altra banda, no serien visibles per l&#8217;alta pol\u00edtica. Amb tot, &#8220;\u00e9s engrescador&#8221;, assegura, &#8220;quan veus les possibilitats que hi ha, de crear oportunitats i de millorar; i jo s\u00f3c una pe\u00e7a m\u00e9s de l&#8217;engranatge&#8221;.<\/p>\n<p>Un dels temes de qu\u00e8 s&#8217;ha d&#8217;0cupar, i que omple p\u00e0gines als diaris,\u00a0\u00e9s l&#8217;estat de les connexions vi\u00e0ries i ferrovi\u00e0ries entre les comarques centrals i Barcelona. En concret, les reclamacions del consell d&#8217;alcaldes del Bages i el Consorci Vi\u00e0ri a la Generalitat per fer gratu\u00efta l&#8217;autopista C-16 i\/o desdoblar la C-55. Vilagr\u00e0 assegura al respecte que &#8220;despr\u00e9s dels \u00faltims descomptes aplicats a la C-16 el positiu \u00e9s que s&#8217;ha obert una finestra des del punt de vista del territori&#8221;. Des del territori, per\u00f2, es reclama m\u00e9s, algo que la Delegada del Govern ent\u00e9n, per\u00f2 explica que &#8220;s&#8217;ha valorat que alliberar la C-16 costaria uns 12 milions d&#8217;euros cada any. Una xifra important tenint en compte que la Generalitat ha gastat 54 milions d&#8217;euros en carreteres l&#8217;\u00faltim any&#8221;. Deixa clar que si la Generalitat no cedeix -de moment- m\u00e9s <strong>\u00e9s per &#8220;un tema exclusivament econ\u00f2mic, no pas de voluntat<\/strong>. El govern est\u00e0 comprom\u00e8s a estudiar b\u00e9 el tema dels peatges aqu\u00ed i a altres punts del territori on es generen situacions injustes&#8221;.<\/p>\n<p>Aix\u00ed s&#8217;explicava Laura Vilagr\u00e0 en una entrevista als informatius de R\u00e0dio Santpedor, en qu\u00e8 tamb\u00e9 apuntava a les l\u00ednies ferrovi\u00e0ries: &#8220;per la Generalitat \u00e9s una prioritat millorar les connexions de tren entre la Catalunya central i Barcelona, en concret les l\u00ednies R4 i R3 de Rodalies Renfe; i aix\u00ed s&#8217;ha traslladat al Govern de l&#8217;estat&#8221;.<\/p>\n<p>Sobre la mineria, un altre tema que ha aixecat polseguera a la comarca els \u00faltims mesos, Vilagr\u00e0\u00a0subratlla que el PDU (Pla Director Urban\u00edstic) que s&#8217;est\u00e0 debatent &#8220;comen\u00e7a a apuntar solucions de com eliminar definitivament els runams, per\u00f2 no soluciona el problema hist\u00f2ric de 100 anys de mineria descontrolada al Bages&#8221;. El que realment s&#8217;aconseguir\u00e0 amb el PDU, assegura, \u00e9s &#8220;<strong>endre\u00e7ar la mineria a la comarca i aconseguir que generi residu zero, o gaireb\u00e9<\/strong>&#8220;.<\/p>\n<p>Escolta l&#8217;entrevista sencera:<\/p>\n<p><iframe loading=\"lazy\" id=\"audio_11044277\" style=\"border: 1px solid #EEE; box-sizing: border-box; width: 100%;\" src=\"http:\/\/www.ivoox.com\/player_ej_11044277_4_1.html?c1=828282\" width=\"300\" height=\"200\" frameborder=\"0\" scrolling=\"no\" allowfullscreen=\"allowfullscreen\"><\/iframe><\/p>\n","protected":false},"excerpt":{"rendered":"<p>Ja fa gaireb\u00e9 tres mesos que Laura Vilagr\u00e0 va retornar a la pol\u00edtica -despr\u00e9s de 12 anys a l&#8217;alcaldia de Santpedor i tres de diputada al Parlament- per assumir la responsabilitat de ser la Delegada del Govern a la Catalunya Central. L&#8217;exalcaldessa santpedorenca s&#8217;ha trobat que &#8220;de cop i volta t&#8217;has de treure el barret [&hellip;]<\/p>\n","protected":false},"author":1,"featured_media":4026,"comment_status":"closed","ping_status":"closed","sticky":false,"template":"","format":"standard","meta":{"footnotes":""},"categories":[3,136],"tags":[393,109,394,171,25,113],"class_list":{"0":"post-4383","1":"post","2":"type-post","3":"status-publish","4":"format-standard","5":"has-post-thumbnail","7":"category-noticies","8":"category-politica-i-economia","9":"tag-c-16","10":"tag-c-55","11":"tag-delegada-del-govern","12":"tag-generalitat","13":"tag-laura-vilagra","14":"tag-santpedor"},"_links":{"self":[{"href":"https:\/\/santpedor.net\/radio\/wp-json\/wp\/v2\/posts\/4383","targetHints":{"allow":["GET"]}}],"collection":[{"href":"https:\/\/santpedor.net\/radio\/wp-json\/wp\/v2\/posts"}],"about":[{"href":"https:\/\/santpedor.net\/radio\/wp-json\/wp\/v2\/types\/post"}],"author":[{"embeddable":true,"href":"https:\/\/santpedor.net\/radio\/wp-json\/wp\/v2\/users\/1"}],"replies":[{"embeddable":true,"href":"https:\/\/santpedor.net\/radio\/wp-json\/wp\/v2\/comments?post=4383"}],"version-history":[{"count":0,"href":"https:\/\/santpedor.net\/radio\/wp-json\/wp\/v2\/posts\/4383\/revisions"}],"wp:featuredmedia":[{"embeddable":true,"href":"https:\/\/santpedor.net\/radio\/wp-json\/wp\/v2\/media\/4026"}],"wp:attachment":[{"href":"https:\/\/santpedor.net\/radio\/wp-json\/wp\/v2\/media?parent=4383"}],"wp:term":[{"taxonomy":"category","embeddable":true,"href":"https:\/\/santpedor.net\/radio\/wp-json\/wp\/v2\/categories?post=4383"},{"taxonomy":"post_tag","embeddable":true,"href":"https:\/\/santpedor.net\/radio\/wp-json\/wp\/v2\/tags?post=4383"}],"curies":[{"name":"wp","href":"https:\/\/api.w.org\/{rel}","templated":true}]}}