{"id":4394,"date":"2016-04-06T15:32:21","date_gmt":"2016-04-06T13:32:21","guid":{"rendered":"http:\/\/santpedor.net\/wp\/?p=4394"},"modified":"2016-04-06T15:32:21","modified_gmt":"2016-04-06T13:32:21","slug":"primer-pas-de-lajuntament-de-cara-als-pressupostos-participatius-de-2017","status":"publish","type":"post","link":"https:\/\/santpedor.net\/radio\/primer-pas-de-lajuntament-de-cara-als-pressupostos-participatius-de-2017\/","title":{"rendered":"Primer pas de l&#8217;ajuntament de cara als pressupostos participatius de 2017"},"content":{"rendered":"<p>La regidoria d&#8217;Hisenda de l&#8217;Ajuntament de Santpedor ofereix avui una <strong>sessi\u00f3 de formaci\u00f3 per elaborar pressupostos municipals oberta a tothom. Ser\u00e0 a les 18h<\/strong> a la Capella de Sant Andreu i far\u00e0 de &#8216;professora&#8217; la pr\u00f2pia regidora d&#8217;Hisenda, Judit Raja. Aquesta iniciativa \u00e9s el primer pas de l&#8217;ajuntament de cara a l&#8217;elaboraci\u00f3 dels pressupostos municipal del 2017, que Raja va anunciar al gener\u00a0que serien participatius pel qu\u00e8 fa, almenys, a algunes partides.<\/p>\n<p>Entre el &#8216;temari&#8217; que la regidoria impartir\u00e0 a la sessi\u00f3 d&#8217;avui, destaca l&#8217;explicaci\u00f3 de com s&#8217;estructuren uns pressupostos municipals, qu\u00e8 s\u00f3n les ordenances fiscals i les despeses de funcionament i quins l\u00edmits d&#8217;endeutament i inversi\u00f3 tenen els ajuntaments en base a la legislaci\u00f3 vigent.<\/p>\n<p>Amb aquesta iniciativa es pret\u00e9n <strong>dotar d&#8217;informaci\u00f3 i eines a tothom que vulgui i animar la gent del poble a participar<\/strong> de la futura confecci\u00f3 d&#8217;uns pressupostos justos i sostenibles per Santpedor<\/p>\n<p>&nbsp;<\/p>\n","protected":false},"excerpt":{"rendered":"<p>La regidoria d&#8217;Hisenda de l&#8217;Ajuntament de Santpedor ofereix avui una sessi\u00f3 de formaci\u00f3 per elaborar pressupostos municipals oberta a tothom. Ser\u00e0 a les 18h a la Capella de Sant Andreu i far\u00e0 de &#8216;professora&#8217; la pr\u00f2pia regidora d&#8217;Hisenda, Judit Raja. Aquesta iniciativa \u00e9s el primer pas de l&#8217;ajuntament de cara a l&#8217;elaboraci\u00f3 dels pressupostos municipal [&hellip;]<\/p>\n","protected":false},"author":1,"featured_media":4395,"comment_status":"closed","ping_status":"closed","sticky":false,"template":"","format":"standard","meta":{"footnotes":""},"categories":[3,136],"tags":[7,49,56,396,113],"class_list":{"0":"post-4394","1":"post","2":"type-post","3":"status-publish","4":"format-standard","5":"has-post-thumbnail","7":"category-noticies","8":"category-politica-i-economia","9":"tag-ajuntament","10":"tag-capella-de-sant-andreu","11":"tag-hisenda","12":"tag-pressupostos-participatius","13":"tag-santpedor"},"_links":{"self":[{"href":"https:\/\/santpedor.net\/radio\/wp-json\/wp\/v2\/posts\/4394","targetHints":{"allow":["GET"]}}],"collection":[{"href":"https:\/\/santpedor.net\/radio\/wp-json\/wp\/v2\/posts"}],"about":[{"href":"https:\/\/santpedor.net\/radio\/wp-json\/wp\/v2\/types\/post"}],"author":[{"embeddable":true,"href":"https:\/\/santpedor.net\/radio\/wp-json\/wp\/v2\/users\/1"}],"replies":[{"embeddable":true,"href":"https:\/\/santpedor.net\/radio\/wp-json\/wp\/v2\/comments?post=4394"}],"version-history":[{"count":0,"href":"https:\/\/santpedor.net\/radio\/wp-json\/wp\/v2\/posts\/4394\/revisions"}],"wp:featuredmedia":[{"embeddable":true,"href":"https:\/\/santpedor.net\/radio\/wp-json\/wp\/v2\/media\/4395"}],"wp:attachment":[{"href":"https:\/\/santpedor.net\/radio\/wp-json\/wp\/v2\/media?parent=4394"}],"wp:term":[{"taxonomy":"category","embeddable":true,"href":"https:\/\/santpedor.net\/radio\/wp-json\/wp\/v2\/categories?post=4394"},{"taxonomy":"post_tag","embeddable":true,"href":"https:\/\/santpedor.net\/radio\/wp-json\/wp\/v2\/tags?post=4394"}],"curies":[{"name":"wp","href":"https:\/\/api.w.org\/{rel}","templated":true}]}}