{"id":4411,"date":"2016-04-13T18:11:27","date_gmt":"2016-04-13T16:11:27","guid":{"rendered":"http:\/\/santpedor.net\/wp\/?p=4411"},"modified":"2016-04-13T18:11:27","modified_gmt":"2016-04-13T16:11:27","slug":"cicle-musica-classica-ma-mireia-pinto-laposta-santpedor-dinamitzar-lauditori-convent","status":"publish","type":"post","link":"https:\/\/santpedor.net\/radio\/cicle-musica-classica-ma-mireia-pinto-laposta-santpedor-dinamitzar-lauditori-convent\/","title":{"rendered":"Un cicle de m\u00fasica cl\u00e0ssica, de la m\u00e0 de Mireia Pint\u00f3, \u00e9s l&#8217;aposta de Santpedor per dinamitzar l&#8217;Auditori Convent"},"content":{"rendered":"<p>L&#8217;ajuntament de Santpedor ha donat a con\u00e8ixer avui el nou Cicle de M\u00fasica Cl\u00e0ssica de l&#8217;Auditori Convent de Sant Francesc per aquesta primavera. Una <strong>aposta de la regidoria de cultura, que fa de bracet amb Mireia Pint\u00f3<\/strong>, mezzosoprano manresana de renom que, a part d&#8217;actuar, donar\u00e0 un cop de m\u00e0 en la direcci\u00f3 art\u00edstica del projecte. El cicle constar\u00e0 de dos actuacions. La primera aquest dissabte 16 d&#8217;abril a les 21h, a c\u00e0rrec del cor infantil Amics de la Uni\u00f3, que far\u00e0 el seu concert &#8216;V-E-U-S&#8217;. Una obra per tots els p\u00fablics que mescla m\u00fasica i teatre en una posada en escena \u00fanica que trasllada l&#8217;espectador fins al cor mateix de la m\u00fasica. La segona actuaci\u00f3, que clour\u00e0 el cicle, ser\u00e0 la de Mireia Pint\u00f3 i Vladislav Bronevetzky, el dissabte 7 de maig a les 21h. La seva actuaci\u00f3 &#8216;Visions de l&#8217;Espanya del XIX&#8217; \u00e9s un concert a trav\u00e9s del qual es transmet la visi\u00f3 que compositors de diferents \u00e8poques i pa\u00efsos van tenir d&#8217;Espanya. El preu de les entrades ser\u00e0 de 15 euros per veure l&#8217;actuaci\u00f3 de Mireia Pint\u00f3, i 10 -4 pels menors de 12 anys-\u00a0per presenciar l&#8217;espectacle del cor infantil Amics de la Uni\u00f3.<\/p>\n<p>En l&#8217;acte de presentaci\u00f3 del cicle de m\u00fasica cl\u00e0ssica, aquest dimecres a la Capella de Sant Andreu, hi han intervingut l&#8217;alcalde, Xavier Codina; el regidor de cultura, Agust\u00ed Comas; la cantant d&#8217;\u00f2pera i mezzosoprano, Mireia Pint\u00f3; i el president de l&#8217;Assocaici\u00f3 de Parcs Empresarials de Santpedor (APES), Josep Ferrer. Codina ha explicat que &#8220;cada vegada hi ha m\u00e9s qualitat&#8221;\u00a0d&#8217;en\u00e7\u00e0 que es van comen\u00e7ar els cicles d&#8217;arts esc\u00e8niques al Convent, un espai que creu que \u00e9s &#8220;\u00fanic a la comarca&#8221;. Agust\u00ed Comas ha insistit amb la intenci\u00f3 de &#8220;dinamitzar i aportar actuacions de qualitat&#8221; a un espai que es pot convertir en &#8220;referent al poble i la comarca&#8221;. Josep Ferrer, per la seva banda, ha qualificat la iniciatia de &#8220;brillant&#8221; i ha recalcat que \u00e9s &#8220;un projecte molt positiu pel poble que tothom s&#8217;hauria de fer seu&#8221;. per \u00faltim Mireia Pint\u00f3 ha volgut animar tothom a apropar-se al Convent i descobir la m\u00fasica cl\u00e0ssica, subratllant que <strong>&#8220;no cal ser un expert per assistir i gaudir d&#8217;un concert d&#8217;aquestes caracter\u00edstiques&#8221;<\/strong>.<\/p>\n","protected":false},"excerpt":{"rendered":"<p>L&#8217;ajuntament de Santpedor ha donat a con\u00e8ixer avui el nou Cicle de M\u00fasica Cl\u00e0ssica de l&#8217;Auditori Convent de Sant Francesc per aquesta primavera. Una aposta de la regidoria de cultura, que fa de bracet amb Mireia Pint\u00f3, mezzosoprano manresana de renom que, a part d&#8217;actuar, donar\u00e0 un cop de m\u00e0 en la direcci\u00f3 art\u00edstica del [&hellip;]<\/p>\n","protected":false},"author":1,"featured_media":4415,"comment_status":"closed","ping_status":"closed","sticky":false,"template":"","format":"standard","meta":{"footnotes":""},"categories":[3,137],"tags":[157,401,209,49,402,403,404,113,20],"class_list":{"0":"post-4411","1":"post","2":"type-post","3":"status-publish","4":"format-standard","5":"has-post-thumbnail","7":"category-noticies","8":"category-societat","9":"tag-agusti-comas","10":"tag-amics-de-la-unio","11":"tag-auditori-convent-de-sant-francesc","12":"tag-capella-de-sant-andreu","13":"tag-cicle-darts-esceniques","14":"tag-mireia-pinto","15":"tag-musica-clasica","16":"tag-santpedor","17":"tag-xavier-codina"},"_links":{"self":[{"href":"https:\/\/santpedor.net\/radio\/wp-json\/wp\/v2\/posts\/4411","targetHints":{"allow":["GET"]}}],"collection":[{"href":"https:\/\/santpedor.net\/radio\/wp-json\/wp\/v2\/posts"}],"about":[{"href":"https:\/\/santpedor.net\/radio\/wp-json\/wp\/v2\/types\/post"}],"author":[{"embeddable":true,"href":"https:\/\/santpedor.net\/radio\/wp-json\/wp\/v2\/users\/1"}],"replies":[{"embeddable":true,"href":"https:\/\/santpedor.net\/radio\/wp-json\/wp\/v2\/comments?post=4411"}],"version-history":[{"count":0,"href":"https:\/\/santpedor.net\/radio\/wp-json\/wp\/v2\/posts\/4411\/revisions"}],"wp:featuredmedia":[{"embeddable":true,"href":"https:\/\/santpedor.net\/radio\/wp-json\/wp\/v2\/media\/4415"}],"wp:attachment":[{"href":"https:\/\/santpedor.net\/radio\/wp-json\/wp\/v2\/media?parent=4411"}],"wp:term":[{"taxonomy":"category","embeddable":true,"href":"https:\/\/santpedor.net\/radio\/wp-json\/wp\/v2\/categories?post=4411"},{"taxonomy":"post_tag","embeddable":true,"href":"https:\/\/santpedor.net\/radio\/wp-json\/wp\/v2\/tags?post=4411"}],"curies":[{"name":"wp","href":"https:\/\/api.w.org\/{rel}","templated":true}]}}