{"id":4423,"date":"2016-04-14T20:32:01","date_gmt":"2016-04-14T18:32:01","guid":{"rendered":"http:\/\/santpedor.net\/wp\/?p=4423"},"modified":"2016-04-14T20:32:01","modified_gmt":"2016-04-14T18:32:01","slug":"santpedor-planteja-nou-edifici-serreta-lampliacio-linstitut-dauro-generalitat","status":"publish","type":"post","link":"https:\/\/santpedor.net\/radio\/santpedor-planteja-nou-edifici-serreta-lampliacio-linstitut-dauro-generalitat\/","title":{"rendered":"Santpedor planteja el nou edifici de La Serreta i l&#8217;ampliaci\u00f3 de l&#8217;institut d&#8217;Auro a la Generalitat"},"content":{"rendered":"<p>L&#8217;Ajuntament de Santpedor\u00a0ha\u00a0mostrat\u00a0un pla amb propostes d&#8217;actuaci\u00f3 per millorar els equipaments del municipi en una reuni\u00f3\u00a0entre Xavier Codina, Agust\u00ed Comas, regidor d&#8217;educaci\u00f3, i Antoni Masseg\u00fa,\u00a0director dels Serveis Territorials d&#8217;Educaci\u00f3. La trobada, que va tenir lloc ahir, era el primer contacte de l&#8217;ajuntament amb la direcci\u00f3 dels serveis territorials, als quals\u00a0<strong>es van traslladar les necessitats m\u00e9s urgents pels equipaments educatius del poble: l&#8217;ampliaci\u00f3 de l&#8217;institut d&#8217;Auro, al construcci\u00f3 d&#8217;un edifici d&#8217;obra per l&#8217;escola La Serreta i la substituci\u00f3 de les mampares dels finestrals de l&#8217;escola Riu d&#8217;Or.<\/strong><\/p>\n<p>Masseg\u00fa, de moment, ha confirmat la instal\u00b7laci\u00f3 d&#8217;un nou m\u00f2dul a l&#8217;institut i ha garantit la <strong>continu\u00eftat de totes les l\u00ednies de P3 del poble<\/strong>, que en alguns municipis s&#8217;han redu\u00eft a causa de la disminuci\u00f3 de la natalitat al pa\u00eds. Codina i Comas han aprofitat\u00a0la reuni\u00f3\u00a0per presentar el programa de la Xarxa Educativa Intermunicipal Santpedor-Castellnou i els projectes que desenvolupa.<\/p>\n","protected":false},"excerpt":{"rendered":"<p>L&#8217;Ajuntament de Santpedor\u00a0ha\u00a0mostrat\u00a0un pla amb propostes d&#8217;actuaci\u00f3 per millorar els equipaments del municipi en una reuni\u00f3\u00a0entre Xavier Codina, Agust\u00ed Comas, regidor d&#8217;educaci\u00f3, i Antoni Masseg\u00fa,\u00a0director dels Serveis Territorials d&#8217;Educaci\u00f3. La trobada, que va tenir lloc ahir, era el primer contacte de l&#8217;ajuntament amb la direcci\u00f3 dels serveis territorials, als quals\u00a0es van traslladar les necessitats m\u00e9s [&hellip;]<\/p>\n","protected":false},"author":1,"featured_media":4432,"comment_status":"closed","ping_status":"closed","sticky":false,"template":"","format":"standard","meta":{"footnotes":""},"categories":[3,136],"tags":[157,29,171,218,226,229,113,405,20],"class_list":{"0":"post-4423","1":"post","2":"type-post","3":"status-publish","4":"format-standard","5":"has-post-thumbnail","7":"category-noticies","8":"category-politica-i-economia","9":"tag-agusti-comas","10":"tag-castellnou-de-bages","11":"tag-generalitat","12":"tag-institut-dauro","13":"tag-la-serreta","14":"tag-riu-dor","15":"tag-santpedor","16":"tag-serveis-territorials","17":"tag-xavier-codina"},"_links":{"self":[{"href":"https:\/\/santpedor.net\/radio\/wp-json\/wp\/v2\/posts\/4423","targetHints":{"allow":["GET"]}}],"collection":[{"href":"https:\/\/santpedor.net\/radio\/wp-json\/wp\/v2\/posts"}],"about":[{"href":"https:\/\/santpedor.net\/radio\/wp-json\/wp\/v2\/types\/post"}],"author":[{"embeddable":true,"href":"https:\/\/santpedor.net\/radio\/wp-json\/wp\/v2\/users\/1"}],"replies":[{"embeddable":true,"href":"https:\/\/santpedor.net\/radio\/wp-json\/wp\/v2\/comments?post=4423"}],"version-history":[{"count":0,"href":"https:\/\/santpedor.net\/radio\/wp-json\/wp\/v2\/posts\/4423\/revisions"}],"wp:featuredmedia":[{"embeddable":true,"href":"https:\/\/santpedor.net\/radio\/wp-json\/wp\/v2\/media\/4432"}],"wp:attachment":[{"href":"https:\/\/santpedor.net\/radio\/wp-json\/wp\/v2\/media?parent=4423"}],"wp:term":[{"taxonomy":"category","embeddable":true,"href":"https:\/\/santpedor.net\/radio\/wp-json\/wp\/v2\/categories?post=4423"},{"taxonomy":"post_tag","embeddable":true,"href":"https:\/\/santpedor.net\/radio\/wp-json\/wp\/v2\/tags?post=4423"}],"curies":[{"name":"wp","href":"https:\/\/api.w.org\/{rel}","templated":true}]}}