{"id":4435,"date":"2016-04-16T13:45:04","date_gmt":"2016-04-16T11:45:04","guid":{"rendered":"http:\/\/santpedor.net\/wp\/?p=4435"},"modified":"2016-04-16T13:45:04","modified_gmt":"2016-04-16T11:45:04","slug":"progres-municipal-posa-sobre-taula-debat-municipal-sobre-vaquetes","status":"publish","type":"post","link":"https:\/\/santpedor.net\/radio\/progres-municipal-posa-sobre-taula-debat-municipal-sobre-vaquetes\/","title":{"rendered":"Progr\u00e9s Municipal vol posar les &#8216;vaquetes&#8217; de la Festa Major de Santpedor a debat"},"content":{"rendered":"<p>En la votaci\u00f3 d&#8217;una moci\u00f3 per notificar a la Generalitat que Santpedor seguiria organitzant correbous com fins ara, Progr\u00e9s Municipal, en veu de la seva portaveu, Fina Rodr\u00edguez, va posar sobre la taula la proposta de fer una assemblea per discutir una eventual modificaci\u00f3 del format actual dels correbous -popularment coneguts al poble com a &#8216;vaquetes&#8217;-: &#8220;veiem cada vegada m\u00e9s que hi ha festes que simplement per ser tradicionals es continuen fent de la mateixa manera i sense variaci\u00f3, i cada vegada m\u00e9s, a municipis de Catalunya, veiem una altra veu pel qu\u00e8 fa a aquestes festes. Creiem que tot evoluciona, no vol dir que s&#8217;hagi de canviar si la gent no ho vol, per\u00f2 fer una festa sistem\u00e0ticament perqu\u00e8 s&#8217;ha fet sempre, ens porta a vegades a veure accions, en altres municipis, en qu\u00e8 el bestiar pateix&#8221;. Rodr\u00edguez ha volgut deixar clar, per\u00f2, que &#8220;aquestes accions que es poden veure a altres llocs no s\u00f3n comparables a Santpedor. Sabem que <strong>l&#8217;animal aqu\u00ed no pateix<\/strong>&#8220;, tot i que deixa la porta a oberta a &#8220;reflexionar sobre el tema a nivell municipal i sobretot a nivell dels que hi participen&#8221;.<\/p>\n<p><em>Fina Rodr\u00edguez explicant abstenci\u00f3 en la moci\u00f3 de notificaci\u00f3 dels correbous:<\/em><\/p>\n<audio class=\"wp-audio-shortcode\" id=\"audio-4435-1\" preload=\"none\" style=\"width: 100%;\" controls=\"controls\"><source type=\"audio\/mpeg\" src=\"http:\/\/santpedor.net\/radio\/wp-content\/uploads\/2016\/04\/Tall-FRodriguez-abstenci\u00f3-toros.mp3?_=1\" \/><a href=\"http:\/\/santpedor.net\/radio\/wp-content\/uploads\/2016\/04\/Tall-FRodriguez-abstenci\u00f3-toros.mp3\">http:\/\/santpedor.net\/radio\/wp-content\/uploads\/2016\/04\/Tall-FRodriguez-abstenci\u00f3-toros.mp3<\/a><\/audio>\n<p>&nbsp;<\/p>\n<p>Rodr\u00edguez ha volgut deixar clar que des de la seva formaci\u00f3 &#8220;entenem la tradici\u00f3 arrelada que hi ha a Santpedor i la respectem plenament perqu\u00e8 forma part de\u00a0l&#8217;ADN de\u00a0la nostra Festa Major&#8221;. De fet, afirma, &#8220;a mi particularment \u00e9s una festa que m&#8217;agrada, per\u00f2 a altra gent del meu partit i dels altres partits no tant. <strong>El meu partit no diem pas que &#8216;no&#8217; als correbous, el que proposem simplement \u00e9s obrir un debat, fer una assemblea perqu\u00e8 la gent opini<\/strong>&#8220;.<\/p>\n<p><em>Fina Rodr\u00edguez proposa obrir un debat sobre les vaquetes:<\/em><\/p>\n<audio class=\"wp-audio-shortcode\" id=\"audio-4435-2\" preload=\"none\" style=\"width: 100%;\" controls=\"controls\"><source type=\"audio\/mpeg\" src=\"http:\/\/santpedor.net\/radio\/wp-content\/uploads\/2016\/04\/Tall-FRodr\u00edguez-correbous-telf.mp3?_=2\" \/><a href=\"http:\/\/santpedor.net\/radio\/wp-content\/uploads\/2016\/04\/Tall-FRodr\u00edguez-correbous-telf.mp3\">http:\/\/santpedor.net\/radio\/wp-content\/uploads\/2016\/04\/Tall-FRodr\u00edguez-correbous-telf.mp3<\/a><\/audio>\n<p>&nbsp;<\/p>\n<p>La portaveu de Progr\u00e9s Municipal recorda que &#8220;aquesta proposta de debat ja la port\u00e0vem inclosa al nostre programa electoral a les passades eleccions municipals&#8221;, i afegeix que &#8220;<strong>no nom\u00e9s volem posar a debat o assemblea els correbous<\/strong>, la nostra idea i aix\u00ed ho hem expressat sempre \u00e9s posar a debat altres temes importants del poble, com per exemple el projecte de La Nau, o la cobertura del Paller&#8221;.<\/p>\n<p>Des de l\u2019equip de govern, en declaracions al programa Pla\u00e7a Gran de R\u00e0dio, Josep Illa, regidor de Medi Ambient, s\u2019ha desmarcat del debat municipal pels correbous que proposa Fina Rodr\u00edguez, tot i subratllar que sempre s\u2019ha de garantir el benestar dels animals, i <strong>ha apuntat a refor\u00e7ar el gruix d\u2019activitats en aquella franja hor\u00e0ria perqu\u00e8 la gent tingui m\u00e9s alternatives<\/strong> i es pugui discernir quin \u00e9s l\u2019inter\u00e8s real pels toros.<\/p>\n<p><em>Josep Illa proposa oferir alternatives, a m\u00e9s dels correbous:<\/em><\/p>\n<audio class=\"wp-audio-shortcode\" id=\"audio-4435-3\" preload=\"none\" style=\"width: 100%;\" controls=\"controls\"><source type=\"audio\/mpeg\" src=\"http:\/\/santpedor.net\/radio\/wp-content\/uploads\/2016\/04\/Tall-JIlla-correbous.mp3?_=3\" \/><a href=\"http:\/\/santpedor.net\/radio\/wp-content\/uploads\/2016\/04\/Tall-JIlla-correbous.mp3\">http:\/\/santpedor.net\/radio\/wp-content\/uploads\/2016\/04\/Tall-JIlla-correbous.mp3<\/a><\/audio>\n<p>&nbsp;<\/p>\n<p>Per la seva banda, Montse Claret, regidora de <strong>Converg\u00e8ncia i Uni\u00f3, ha mostrat inter\u00e8s en ambdues propostes<\/strong>, posar a debat les \u2018vaquetes\u2019 i ampliar l\u2019oferta d\u2019activitats paral\u00b7leles als correbous.<\/p>\n<p><em>Montse Claret, de CiU, mostra inter\u00e8s en el debat i tamb\u00e9 en ampliar l&#8217;oferta d&#8217;activats:<\/em><\/p>\n<audio class=\"wp-audio-shortcode\" id=\"audio-4435-4\" preload=\"none\" style=\"width: 100%;\" controls=\"controls\"><source type=\"audio\/mpeg\" src=\"http:\/\/santpedor.net\/radio\/wp-content\/uploads\/2016\/04\/Tall-MClaret-correbous.mp3?_=4\" \/><a href=\"http:\/\/santpedor.net\/radio\/wp-content\/uploads\/2016\/04\/Tall-MClaret-correbous.mp3\">http:\/\/santpedor.net\/radio\/wp-content\/uploads\/2016\/04\/Tall-MClaret-correbous.mp3<\/a><\/audio>\n<p>&nbsp;<\/p>\n<p>Eren declaracions de Montse Claret al Pla\u00e7a Gran de R\u00e0dio Santpedor, que podreu escoltar dem\u00e0 a partir de les 12, on tamb\u00e9 apuntava la creixent preocupaci\u00f3 al seu partit pels excessos en el consum d\u2019alcohol que de forma creixent la joventut del poble est\u00e0 adoptant cada cop m\u00e9s, i cada cop de m\u00e9s joves.<\/p>\n","protected":false},"excerpt":{"rendered":"<p>En la votaci\u00f3 d&#8217;una moci\u00f3 per notificar a la Generalitat que Santpedor seguiria organitzant correbous com fins ara, Progr\u00e9s Municipal, en veu de la seva portaveu, Fina Rodr\u00edguez, va posar sobre la taula la proposta de fer una assemblea per discutir una eventual modificaci\u00f3 del format actual dels correbous -popularment coneguts al poble com a [&hellip;]<\/p>\n","protected":false},"author":1,"featured_media":4464,"comment_status":"closed","ping_status":"closed","sticky":false,"template":"","format":"standard","meta":{"footnotes":""},"categories":[3,136],"tags":[406,55,95,38,384,113,407],"class_list":{"0":"post-4435","1":"post","2":"type-post","3":"status-publish","4":"format-standard","5":"has-post-thumbnail","7":"category-noticies","8":"category-politica-i-economia","9":"tag-correbous","10":"tag-festa-major","11":"tag-fina-rodriguez","12":"tag-ple","13":"tag-progres-municipal","14":"tag-santpedor","15":"tag-vaquetes"},"_links":{"self":[{"href":"https:\/\/santpedor.net\/radio\/wp-json\/wp\/v2\/posts\/4435","targetHints":{"allow":["GET"]}}],"collection":[{"href":"https:\/\/santpedor.net\/radio\/wp-json\/wp\/v2\/posts"}],"about":[{"href":"https:\/\/santpedor.net\/radio\/wp-json\/wp\/v2\/types\/post"}],"author":[{"embeddable":true,"href":"https:\/\/santpedor.net\/radio\/wp-json\/wp\/v2\/users\/1"}],"replies":[{"embeddable":true,"href":"https:\/\/santpedor.net\/radio\/wp-json\/wp\/v2\/comments?post=4435"}],"version-history":[{"count":0,"href":"https:\/\/santpedor.net\/radio\/wp-json\/wp\/v2\/posts\/4435\/revisions"}],"wp:featuredmedia":[{"embeddable":true,"href":"https:\/\/santpedor.net\/radio\/wp-json\/wp\/v2\/media\/4464"}],"wp:attachment":[{"href":"https:\/\/santpedor.net\/radio\/wp-json\/wp\/v2\/media?parent=4435"}],"wp:term":[{"taxonomy":"category","embeddable":true,"href":"https:\/\/santpedor.net\/radio\/wp-json\/wp\/v2\/categories?post=4435"},{"taxonomy":"post_tag","embeddable":true,"href":"https:\/\/santpedor.net\/radio\/wp-json\/wp\/v2\/tags?post=4435"}],"curies":[{"name":"wp","href":"https:\/\/api.w.org\/{rel}","templated":true}]}}