{"id":4437,"date":"2016-04-15T12:45:10","date_gmt":"2016-04-15T10:45:10","guid":{"rendered":"http:\/\/santpedor.net\/wp\/?p=4437"},"modified":"2025-02-06T21:16:59","modified_gmt":"2025-02-06T20:16:59","slug":"santpedor-sofereix-als-refugiats-renega-politiques-unio-europea-lestat-espanyol","status":"publish","type":"post","link":"https:\/\/santpedor.net\/radio\/santpedor-sofereix-als-refugiats-renega-politiques-unio-europea-lestat-espanyol\/","title":{"rendered":"Santpedor s&#8217;ofereix als refugiats i renega de les pol\u00edtiques de la Uni\u00f3 Europea i l&#8217;estat espanyol"},"content":{"rendered":"<p>Els tres partits pol\u00edtics Santpedorencs -CiU, ERC i PM- van aprovar de forma conjunta i per unanimitat una moci\u00f3 de rebuig a l&#8217;acord de 3mil milions d&#8217;euros que la Uni\u00f3 Europea va signar recentment amb Turquia per evitar l&#8217;entrada de refugiats que escapen de la guerra. Va ser en el ple municipal d&#8217;aquest dimarts. Xavier Codina va prendre la paraula en primer lloc per fer &#8220;pal\u00e8s la vergonya que sentim quan veiem les imatges del que est\u00e0 passant, no nom\u00e9s a Gr\u00e8cia sin\u00f3 tamb\u00e9 aqu\u00ed&#8221;.\u00a0L&#8217;alcalde va afegir que &#8220;l&#8217;Europa avan\u00e7ada de la qual ens parlaven \u00e9s en realitat miserable, una vergonya&#8221;. Codina va fer extensiva la cr\u00edtica\u00a0al govern espanyol: &#8220;<strong>volem dir al Govern\u00a0espanyol que deixi venir\u00a0els refugiats aqu\u00ed d&#8217;una vegada<\/strong>&#8220;.\u00a0Per \u00faltim, va obrir les portes del poble\u00a0als refugiats tot\u00a0subratllant que &#8220;<strong>Santpedor ha de ser municipi d&#8217;acollida<\/strong> i ens posem\u00a0en disposici\u00f3 perqu\u00e8 qui vulgui venir, tingui un lloc per viure&#8221;.<\/p>\n<p><em>Xavier Codina, alcalde de Santpedor,\u00a0sobre la situaci\u00f3 dels refugiats a Europa:<\/em><\/p>\n<audio class=\"wp-audio-shortcode\" id=\"audio-4437-1\" preload=\"none\" style=\"width: 100%;\" controls=\"controls\"><source type=\"audio\/mpeg\" src=\"http:\/\/santpedor.net\/radio\/wp-content\/uploads\/2016\/04\/Tall-XCodina-refugiats.mp3?_=1\" \/><a href=\"http:\/\/santpedor.net\/radio\/wp-content\/uploads\/2016\/04\/Tall-XCodina-refugiats.mp3\">http:\/\/santpedor.net\/radio\/wp-content\/uploads\/2016\/04\/Tall-XCodina-refugiats.mp3<\/a><\/audio>\n<p>&nbsp;<\/p>\n<p>Fina Rodr\u00edguez, portaveu de Progr\u00e9s Municipal, es va sumar al discurs de rebuig de Codina: &#8220;La societat mereix un canvi radical. <strong>\u00c9s una evid\u00e8ncia aplastant que darrere aquest acord entre la UE i Turquia hi ha uns interessos ocults<\/strong> que van m\u00e9s enll\u00e0 dels nostres coneixements i que desanimen als qui estem involucrats en defensar els drets dels refugiats&#8221;. Rodr\u00edguez va afegir, amb indignaci\u00f3, que &#8220;aquests 3 mil milions d&#8217;euros servirien per muntar un pa\u00eds sencer pels refugiats&#8221;<\/p>\n<p><em>Fina Rodr\u00edguez, portaveu de Progr\u00e9s Municipal,\u00a0sobre la situaci\u00f3 dels refugiats a Europa:<\/em><\/p>\n<audio class=\"wp-audio-shortcode\" id=\"audio-4437-2\" preload=\"none\" style=\"width: 100%;\" controls=\"controls\"><source type=\"audio\/mpeg\" src=\"http:\/\/santpedor.net\/radio\/wp-content\/uploads\/2016\/04\/Tall-FRodr\u00edguez-refugiats.mp3?_=2\" \/><a href=\"http:\/\/santpedor.net\/radio\/wp-content\/uploads\/2016\/04\/Tall-FRodr\u00edguez-refugiats.mp3\">http:\/\/santpedor.net\/radio\/wp-content\/uploads\/2016\/04\/Tall-FRodr\u00edguez-refugiats.mp3<\/a><\/audio>\n<p>&nbsp;<\/p>\n","protected":false},"excerpt":{"rendered":"<p>Els tres partits pol\u00edtics Santpedorencs -CiU, ERC i PM- van aprovar de forma conjunta i per unanimitat una moci\u00f3 de rebuig a l&#8217;acord de 3mil milions d&#8217;euros que la Uni\u00f3 Europea va signar recentment amb Turquia per evitar l&#8217;entrada de refugiats que escapen de la guerra. Va ser en el ple municipal d&#8217;aquest dimarts. Xavier [&hellip;]<\/p>\n","protected":false},"author":1,"featured_media":14593,"comment_status":"closed","ping_status":"closed","sticky":false,"template":"","format":"standard","meta":{"footnotes":""},"categories":[3,136],"tags":[95,408,409,213,410,411,412,20],"class_list":{"0":"post-4437","1":"post","2":"type-post","3":"status-publish","4":"format-standard","5":"has-post-thumbnail","7":"category-noticies","8":"category-politica-i-economia","10":"tag-govern-espanyol","11":"tag-ple-municipal","12":"tag-refugiats","13":"tag-santepdor","14":"tag-turquia","15":"tag-unio-europea","16":"tag-xavier-codina"},"_links":{"self":[{"href":"https:\/\/santpedor.net\/radio\/wp-json\/wp\/v2\/posts\/4437","targetHints":{"allow":["GET"]}}],"collection":[{"href":"https:\/\/santpedor.net\/radio\/wp-json\/wp\/v2\/posts"}],"about":[{"href":"https:\/\/santpedor.net\/radio\/wp-json\/wp\/v2\/types\/post"}],"author":[{"embeddable":true,"href":"https:\/\/santpedor.net\/radio\/wp-json\/wp\/v2\/users\/1"}],"replies":[{"embeddable":true,"href":"https:\/\/santpedor.net\/radio\/wp-json\/wp\/v2\/comments?post=4437"}],"version-history":[{"count":0,"href":"https:\/\/santpedor.net\/radio\/wp-json\/wp\/v2\/posts\/4437\/revisions"}],"wp:featuredmedia":[{"embeddable":true,"href":"https:\/\/santpedor.net\/radio\/wp-json\/wp\/v2\/media\/14593"}],"wp:attachment":[{"href":"https:\/\/santpedor.net\/radio\/wp-json\/wp\/v2\/media?parent=4437"}],"wp:term":[{"taxonomy":"category","embeddable":true,"href":"https:\/\/santpedor.net\/radio\/wp-json\/wp\/v2\/categories?post=4437"},{"taxonomy":"post_tag","embeddable":true,"href":"https:\/\/santpedor.net\/radio\/wp-json\/wp\/v2\/tags?post=4437"}],"curies":[{"name":"wp","href":"https:\/\/api.w.org\/{rel}","templated":true}]}}