{"id":4503,"date":"2016-04-20T16:35:56","date_gmt":"2016-04-20T14:35:56","guid":{"rendered":"http:\/\/santpedor.net\/wp\/?p=4503"},"modified":"2016-04-20T16:35:56","modified_gmt":"2016-04-20T14:35:56","slug":"llibreters-santpedor-esperen-que-sant-jordi-no-fluixegi-dissabte","status":"publish","type":"post","link":"https:\/\/santpedor.net\/radio\/llibreters-santpedor-esperen-que-sant-jordi-no-fluixegi-dissabte\/","title":{"rendered":"Els llibreters de Santpedor esperen que Sant Jordi no fluixegi per ser en dissabte"},"content":{"rendered":"<p>Santpedor ja \u00e9s a punt per Sant Jordi. Comer\u00e7os del poble estan preparant ja la log\u00edstica per muntar les seves paradetes de roses i llibres. D&#8217;entre ells, en especial, lues dues llibreries del poble, que no veuen clar el fet que aquest any Sant Jordi caigui en dissabte. &#8220;No sabem com afectar\u00e0 aquest fet&#8221;, diu Carles Santamaria, de la llibreria Timbaler. Una mica m\u00e9s pessimista es mostra Jordi Ferrer, propietari de la llibreria Horitz\u00f3: &#8220;sabem que <strong>quan Sant Jordi cau\u00a0en cap de setmana, acostuma a baixar el nombre de persones<\/strong> que volten pels pobles, i en qualsevol cas, se&#8217;n beneficien les grans ciutats&#8221;. Tot i aix\u00f2 tots dos comerciants esperen que el temps acompanyi i poder arrodonir una bona jornada de Sant Jordi, que per altra banda es presenta a Santpedor amb un programa prou atractiu.<\/p>\n<p>La Pla\u00e7a Gran ser\u00e0 l&#8217;epicentre dels actes de Sant Jordi a Santpedor, que aquest any <strong>s&#8217;ha volgut impulsar amb la col\u00b7laboraci\u00f3 del SAC (Santpedor Art i Creaci\u00f3) i la Colla Sardanista Aires d&#8217;Or<\/strong>. Els actes de la diada comen\u00e7aran a les sis de la tarda amb l\u2019audici\u00f3 de sardanes que protagonitzar\u00e0 la Cobla Camps . La vetllada sardanista inclour\u00e0 la finalitzaci\u00f3 del projecte \u2018Sardatic\u2019, amb una ballada conjunta a c\u00e0rrec de les escoles adherides al projecte, amb alumnes dels centres educatius de Santpedor i Castellnou juntament amb l\u2019Escola Vedruna de Sallent.<\/p>\n<p>Finalitzades les sardanes, ser\u00e0 el torn per a la interpretaci\u00f3 de poesies i contes al bell mig de la pla\u00e7a a c\u00e0rrec del SAC. La diada es tancar\u00e0 amb l\u2019actuaci\u00f3 del grup santpedorenc Ayawascat que portar\u00e0 la seva m\u00fasica ac\u00fastica a l\u2019escenari de la pla\u00e7a.<\/p>\n<p>Durant tota la tarda, el p\u00fablic assistent podr\u00e0 gaudir d\u2019una oferta gastron\u00f2mica amb &#8216;food trucks&#8217; i cervesa artesanal.<\/p>\n","protected":false},"excerpt":{"rendered":"<p>Santpedor ja \u00e9s a punt per Sant Jordi. Comer\u00e7os del poble estan preparant ja la log\u00edstica per muntar les seves paradetes de roses i llibres. D&#8217;entre ells, en especial, lues dues llibreries del poble, que no veuen clar el fet que aquest any Sant Jordi caigui en dissabte. &#8220;No sabem com afectar\u00e0 aquest fet&#8221;, diu [&hellip;]<\/p>\n","protected":false},"author":1,"featured_media":4504,"comment_status":"closed","ping_status":"closed","sticky":false,"template":"","format":"standard","meta":{"footnotes":""},"categories":[3,137],"tags":[420,421,239,422,113],"class_list":{"0":"post-4503","1":"post","2":"type-post","3":"status-publish","4":"format-standard","5":"has-post-thumbnail","7":"category-noticies","8":"category-societat","9":"tag-ayawascat","10":"tag-colla-sardanista-aires-dor","11":"tag-sac","12":"tag-sant-jordi","13":"tag-santpedor"},"_links":{"self":[{"href":"https:\/\/santpedor.net\/radio\/wp-json\/wp\/v2\/posts\/4503","targetHints":{"allow":["GET"]}}],"collection":[{"href":"https:\/\/santpedor.net\/radio\/wp-json\/wp\/v2\/posts"}],"about":[{"href":"https:\/\/santpedor.net\/radio\/wp-json\/wp\/v2\/types\/post"}],"author":[{"embeddable":true,"href":"https:\/\/santpedor.net\/radio\/wp-json\/wp\/v2\/users\/1"}],"replies":[{"embeddable":true,"href":"https:\/\/santpedor.net\/radio\/wp-json\/wp\/v2\/comments?post=4503"}],"version-history":[{"count":0,"href":"https:\/\/santpedor.net\/radio\/wp-json\/wp\/v2\/posts\/4503\/revisions"}],"wp:featuredmedia":[{"embeddable":true,"href":"https:\/\/santpedor.net\/radio\/wp-json\/wp\/v2\/media\/4504"}],"wp:attachment":[{"href":"https:\/\/santpedor.net\/radio\/wp-json\/wp\/v2\/media?parent=4503"}],"wp:term":[{"taxonomy":"category","embeddable":true,"href":"https:\/\/santpedor.net\/radio\/wp-json\/wp\/v2\/categories?post=4503"},{"taxonomy":"post_tag","embeddable":true,"href":"https:\/\/santpedor.net\/radio\/wp-json\/wp\/v2\/tags?post=4503"}],"curies":[{"name":"wp","href":"https:\/\/api.w.org\/{rel}","templated":true}]}}