{"id":4527,"date":"2016-04-22T13:41:53","date_gmt":"2016-04-22T11:41:53","guid":{"rendered":"http:\/\/santpedor.net\/wp\/?p=4527"},"modified":"2016-04-22T13:41:53","modified_gmt":"2016-04-22T11:41:53","slug":"movistar-compromet-millorar-cobertura-mobil-santpedor-paral%c2%b7lel-lestesa-fibra-optica","status":"publish","type":"post","link":"https:\/\/santpedor.net\/radio\/movistar-compromet-millorar-cobertura-mobil-santpedor-paral%c2%b7lel-lestesa-fibra-optica\/","title":{"rendered":"Movistar es compromet a millorar la cobertura m\u00f2bil a Santpedor en paral\u00b7lel a l&#8217;estesa de la fibra \u00f2ptica"},"content":{"rendered":"<p>Movistar,\u00a0la companyia que est\u00e0 cablejant\u00a0Santpedor per fer-hi arribar la fibra \u00f2ptica, t\u00e9 el comprom\u00eds de millorar tamb\u00e9\u00a0la cobertura m\u00f2bil del poble. Un problema recurrent des de fa anys i que causa moltes mol\u00e8sties als ve\u00efns del municipi, que sovint es troben sense cobertura en molts punts de Santpedor. El regidor d&#8217;urbanisme, Josep Illa, ho va explicar al programa Pla\u00e7a Gran de R\u00e0dio Santpedor, on tamb\u00e9 va assegurar que la millora de cobertura no necess\u00e0riament ha de passar per la instal\u00b7laci\u00f3 de m\u00e9s antenes de telefonia.<\/p>\n<p><em>Josep Illa sobre els problemes de cobertura al poble:<\/em><\/p>\n<audio class=\"wp-audio-shortcode\" id=\"audio-4527-1\" preload=\"none\" style=\"width: 100%;\" controls=\"controls\"><source type=\"audio\/mpeg\" src=\"http:\/\/santpedor.net\/radio\/wp-content\/uploads\/2016\/04\/Tall-JIlla-cobertura...millorar-120.mp3?_=1\" \/><a href=\"http:\/\/santpedor.net\/radio\/wp-content\/uploads\/2016\/04\/Tall-JIlla-cobertura...millorar-120.mp3\">http:\/\/santpedor.net\/radio\/wp-content\/uploads\/2016\/04\/Tall-JIlla-cobertura...millorar-120.mp3<\/a><\/audio>\n<p>&nbsp;<\/p>\n<p>Pel qu\u00e8 fa a l&#8217;estesa de la fibra \u00f2ptica, v\u00e0ries empreses dels Pol\u00edgons Santa Anna ja han comen\u00e7at a fer sol\u00b7licituds per contractar-ne els serveis. Al nucli de Santpedor, per\u00f2, s&#8217;est\u00e0 retrassant l&#8217;arribada d&#8217;aquesta tecnologia, que suposadament havia d&#8217;arribar a finals de 2015. Des de l&#8217;ajuntament tiren la pilota a la teulada de la companyia encarregada de cablejar el poble, i subratllen, aix\u00f2 s\u00ed, que per ells \u00e9s prioritari fer-ho b\u00e9 m\u00e9s que no pas\u00a0r\u00e0pid. \u00c9s a dir, cablejar el poble de forma que tingui el m\u00ednim impacte en l&#8217;est\u00e8tica dels carrers. Ho explica Josep Illa:<\/p>\n<p><em>Josep Illa sobre l&#8217;estesa de fibra \u00f2ptica a Santpedor:<\/em><\/p>\n<audio class=\"wp-audio-shortcode\" id=\"audio-4527-2\" preload=\"none\" style=\"width: 100%;\" controls=\"controls\"><source type=\"audio\/mpeg\" src=\"http:\/\/santpedor.net\/radio\/wp-content\/uploads\/2016\/04\/Tall-JIlla-fibra...ning\u00fa-30.mp3?_=2\" \/><a href=\"http:\/\/santpedor.net\/radio\/wp-content\/uploads\/2016\/04\/Tall-JIlla-fibra...ning\u00fa-30.mp3\">http:\/\/santpedor.net\/radio\/wp-content\/uploads\/2016\/04\/Tall-JIlla-fibra...ning\u00fa-30.mp3<\/a><\/audio>\n<p>&nbsp;<\/p>\n","protected":false},"excerpt":{"rendered":"<p>Movistar,\u00a0la companyia que est\u00e0 cablejant\u00a0Santpedor per fer-hi arribar la fibra \u00f2ptica, t\u00e9 el comprom\u00eds de millorar tamb\u00e9\u00a0la cobertura m\u00f2bil del poble. Un problema recurrent des de fa anys i que causa moltes mol\u00e8sties als ve\u00efns del municipi, que sovint es troben sense cobertura en molts punts de Santpedor. El regidor d&#8217;urbanisme, Josep Illa, ho va [&hellip;]<\/p>\n","protected":false},"author":1,"featured_media":3802,"comment_status":"closed","ping_status":"closed","sticky":false,"template":"","format":"standard","meta":{"footnotes":""},"categories":[3,136],"tags":[86,423,233,113],"class_list":{"0":"post-4527","1":"post","2":"type-post","3":"status-publish","4":"format-standard","5":"has-post-thumbnail","7":"category-noticies","8":"category-politica-i-economia","9":"tag-fibra-optica","10":"tag-mobil","11":"tag-movistar","12":"tag-santpedor"},"_links":{"self":[{"href":"https:\/\/santpedor.net\/radio\/wp-json\/wp\/v2\/posts\/4527","targetHints":{"allow":["GET"]}}],"collection":[{"href":"https:\/\/santpedor.net\/radio\/wp-json\/wp\/v2\/posts"}],"about":[{"href":"https:\/\/santpedor.net\/radio\/wp-json\/wp\/v2\/types\/post"}],"author":[{"embeddable":true,"href":"https:\/\/santpedor.net\/radio\/wp-json\/wp\/v2\/users\/1"}],"replies":[{"embeddable":true,"href":"https:\/\/santpedor.net\/radio\/wp-json\/wp\/v2\/comments?post=4527"}],"version-history":[{"count":0,"href":"https:\/\/santpedor.net\/radio\/wp-json\/wp\/v2\/posts\/4527\/revisions"}],"wp:featuredmedia":[{"embeddable":true,"href":"https:\/\/santpedor.net\/radio\/wp-json\/wp\/v2\/media\/3802"}],"wp:attachment":[{"href":"https:\/\/santpedor.net\/radio\/wp-json\/wp\/v2\/media?parent=4527"}],"wp:term":[{"taxonomy":"category","embeddable":true,"href":"https:\/\/santpedor.net\/radio\/wp-json\/wp\/v2\/categories?post=4527"},{"taxonomy":"post_tag","embeddable":true,"href":"https:\/\/santpedor.net\/radio\/wp-json\/wp\/v2\/tags?post=4527"}],"curies":[{"name":"wp","href":"https:\/\/api.w.org\/{rel}","templated":true}]}}