{"id":4531,"date":"2016-04-22T17:27:47","date_gmt":"2016-04-22T15:27:47","guid":{"rendered":"http:\/\/santpedor.net\/wp\/?p=4531"},"modified":"2016-04-22T17:27:47","modified_gmt":"2016-04-22T15:27:47","slug":"linstitut-dauro-estrenara-quarta-linia-1er-deso-107-alumnes","status":"publish","type":"post","link":"https:\/\/santpedor.net\/radio\/linstitut-dauro-estrenara-quarta-linia-1er-deso-107-alumnes\/","title":{"rendered":"L&#8217;institut d&#8217;Auro estrenar\u00e0 la quarta l\u00ednia de 1er d&#8217;ESO amb 107 alumnes"},"content":{"rendered":"<p>El curs 2016\/2017 ser\u00e0 el primer en qu\u00e8 <strong>l&#8217;institut d&#8217;Auro de Santpedor veur\u00e0 quadruplicat un dels seus cursos<\/strong>. Ser\u00e0 el de 1er d&#8217;ESO despr\u00e9s de la nova l\u00ednia que la Generalitat va concedir al centre mesos enrere.\u00a0Quatre classes que\u00a0hauran d&#8217;encabir 107 alumnes, que s\u00f3n els que ja s&#8217;han preinscrit pel curs vinent. Aquestes 4 l\u00ednies de d&#8217;ESO no seran un fenomen permanent de cara els cursos vinents per\u00f2 s\u00ed que ser\u00e0 un fet habitual, tal i com ja s&#8217;ha informat des del Departament d&#8217;Educaci\u00f3. I \u00e9s que s&#8217;ha de tenir en compte que\u00a0a l&#8217;institut d&#8217;Auro ara hi arriben infants de dues\u00a0l\u00ednies de 6\u00e8 de l&#8217;escola\u00a0Riu d&#8217;Or, dues m\u00e9s de l&#8217;escola l&#8217;Olivar de Castellnou de Bages, i una altra de l&#8217;escola la Serreta.\u00a0\u00a0A l&#8217;espera de l&#8217;ampliaci\u00f3 de les instal\u00b7lacions de l&#8217;institut, <strong>de moment es far\u00e0 lloc a l&#8217;increment d&#8217;estudiants amb m\u00f2duls prefabricats.<\/strong><\/p>\n<p>Pel qu\u00e8 fa a les preinscripcions de les escoles de prim\u00e0ria del poble, La Serreta, el Riu d&#8217;Or i el Llissach, rebran 80 nous alumnes que comen\u00e7aran el cicle d&#8217;educaci\u00f3 de parvulari a P3. En concret, La Serreta en rebr\u00e0 35, el Riu d&#8217;Or 34 i el Llissach 11. Tal i com ja va avan\u00e7ar R\u00e0dio Santpedor fa uns dies, <strong>finalment no es suprimir\u00e0 cap l\u00ednia de P3 de Santpedor<\/strong>, cosa que s\u00ed est\u00e0 passant a molt altres municipis del pa\u00eds degut a la baixa natalitat dels \u00faltims anys.<\/p>\n","protected":false},"excerpt":{"rendered":"<p>El curs 2016\/2017 ser\u00e0 el primer en qu\u00e8 l&#8217;institut d&#8217;Auro de Santpedor veur\u00e0 quadruplicat un dels seus cursos. Ser\u00e0 el de 1er d&#8217;ESO despr\u00e9s de la nova l\u00ednia que la Generalitat va concedir al centre mesos enrere.\u00a0Quatre classes que\u00a0hauran d&#8217;encabir 107 alumnes, que s\u00f3n els que ja s&#8217;han preinscrit pel curs vinent. Aquestes 4 l\u00ednies [&hellip;]<\/p>\n","protected":false},"author":1,"featured_media":4532,"comment_status":"closed","ping_status":"closed","sticky":false,"template":"","format":"standard","meta":{"footnotes":""},"categories":[3,137],"tags":[218,424,226,147,425,229,113],"class_list":{"0":"post-4531","1":"post","2":"type-post","3":"status-publish","4":"format-standard","5":"has-post-thumbnail","7":"category-noticies","8":"category-societat","9":"tag-institut-dauro","10":"tag-lolivar","11":"tag-la-serreta","12":"tag-llissach","13":"tag-preinscripcions-escolars","14":"tag-riu-dor","15":"tag-santpedor"},"_links":{"self":[{"href":"https:\/\/santpedor.net\/radio\/wp-json\/wp\/v2\/posts\/4531","targetHints":{"allow":["GET"]}}],"collection":[{"href":"https:\/\/santpedor.net\/radio\/wp-json\/wp\/v2\/posts"}],"about":[{"href":"https:\/\/santpedor.net\/radio\/wp-json\/wp\/v2\/types\/post"}],"author":[{"embeddable":true,"href":"https:\/\/santpedor.net\/radio\/wp-json\/wp\/v2\/users\/1"}],"replies":[{"embeddable":true,"href":"https:\/\/santpedor.net\/radio\/wp-json\/wp\/v2\/comments?post=4531"}],"version-history":[{"count":0,"href":"https:\/\/santpedor.net\/radio\/wp-json\/wp\/v2\/posts\/4531\/revisions"}],"wp:featuredmedia":[{"embeddable":true,"href":"https:\/\/santpedor.net\/radio\/wp-json\/wp\/v2\/media\/4532"}],"wp:attachment":[{"href":"https:\/\/santpedor.net\/radio\/wp-json\/wp\/v2\/media?parent=4531"}],"wp:term":[{"taxonomy":"category","embeddable":true,"href":"https:\/\/santpedor.net\/radio\/wp-json\/wp\/v2\/categories?post=4531"},{"taxonomy":"post_tag","embeddable":true,"href":"https:\/\/santpedor.net\/radio\/wp-json\/wp\/v2\/tags?post=4531"}],"curies":[{"name":"wp","href":"https:\/\/api.w.org\/{rel}","templated":true}]}}