{"id":4536,"date":"2016-04-24T13:37:20","date_gmt":"2016-04-24T11:37:20","guid":{"rendered":"http:\/\/santpedor.net\/wp\/?p=4536"},"modified":"2016-04-24T13:37:20","modified_gmt":"2016-04-24T11:37:20","slug":"sant-jordi-venc-mals-auguris-santpedor","status":"publish","type":"post","link":"https:\/\/santpedor.net\/radio\/sant-jordi-venc-mals-auguris-santpedor\/","title":{"rendered":"Sant Jordi ven\u00e7 els mals auguris a Santpedor"},"content":{"rendered":"<p><strong>Sant Jordi ven\u00e7 tots els mals auguris<\/strong> fets per les previsions de mal temps i el fet que caigu\u00e9s en dissabte. Aix\u00ed va ser a tot Catalunya i tamb\u00e9 a Santpedor. La gent van rondar les paradetes tot el dia i van omplir de gom a gom la Pla\u00e7a Gran, on l\u2019ajuntament, en col\u00b7laboraci\u00f3 amb el SAC i la colla sardanista Aires d\u2019Or, va preparar per primera vegada diverses activitats per potenciar el Sant Jordi al poble, que van ser tot un \u00e8xit d\u2019assist\u00e8ncia. L&#8217;audici\u00f3 de sardanes amb la Cobla Camps, les actuacions sardanistes dels nens de les escoles adherides al projecte Sardatic (La Serreta, Llissach, Riu d&#8217;Or, Olivar i Vedruna de Sallent), la interpretaci\u00f3 de llibres i poesies i l&#8217;actuaci\u00f3 d&#8217;Ayawascat, van fer les del\u00edcies de les desenes de persones que es van apropar a la pla\u00e7a al llarg del dia.<\/p>\n<p>Els llibreters tamb\u00e9 van quedar finalment satisfets amb el ritme de vendes. Des de la llibreria Horitz\u00f3, el Jordi Ferrer afirmava que &#8220;ha anat prou b\u00e9 tenint en compte els precedents d&#8217;altres Sant Jordis en cap de setmana&#8221; i avan\u00e7ava que <strong>&#8216;Tot aix\u00f2 ho faig perqu\u00e8 tinc molta por&#8217;, d&#8217;Empar Molinr, i &#8216;La noia del tren&#8217;, de Paula Hawkins<\/strong>, van ser els llibres m\u00e9s venuts.<\/p>\n","protected":false},"excerpt":{"rendered":"<p>Sant Jordi ven\u00e7 tots els mals auguris fets per les previsions de mal temps i el fet que caigu\u00e9s en dissabte. Aix\u00ed va ser a tot Catalunya i tamb\u00e9 a Santpedor. La gent van rondar les paradetes tot el dia i van omplir de gom a gom la Pla\u00e7a Gran, on l\u2019ajuntament, en col\u00b7laboraci\u00f3 amb [&hellip;]<\/p>\n","protected":false},"author":1,"featured_media":4537,"comment_status":"closed","ping_status":"closed","sticky":false,"template":"","format":"standard","meta":{"footnotes":""},"categories":[3,137],"tags":[7,426,427,239,422,113],"class_list":{"0":"post-4536","1":"post","2":"type-post","3":"status-publish","4":"format-standard","5":"has-post-thumbnail","7":"category-noticies","8":"category-societat","9":"tag-ajuntament","10":"tag-llibres","11":"tag-roses","12":"tag-sac","13":"tag-sant-jordi","14":"tag-santpedor"},"_links":{"self":[{"href":"https:\/\/santpedor.net\/radio\/wp-json\/wp\/v2\/posts\/4536","targetHints":{"allow":["GET"]}}],"collection":[{"href":"https:\/\/santpedor.net\/radio\/wp-json\/wp\/v2\/posts"}],"about":[{"href":"https:\/\/santpedor.net\/radio\/wp-json\/wp\/v2\/types\/post"}],"author":[{"embeddable":true,"href":"https:\/\/santpedor.net\/radio\/wp-json\/wp\/v2\/users\/1"}],"replies":[{"embeddable":true,"href":"https:\/\/santpedor.net\/radio\/wp-json\/wp\/v2\/comments?post=4536"}],"version-history":[{"count":0,"href":"https:\/\/santpedor.net\/radio\/wp-json\/wp\/v2\/posts\/4536\/revisions"}],"wp:featuredmedia":[{"embeddable":true,"href":"https:\/\/santpedor.net\/radio\/wp-json\/wp\/v2\/media\/4537"}],"wp:attachment":[{"href":"https:\/\/santpedor.net\/radio\/wp-json\/wp\/v2\/media?parent=4536"}],"wp:term":[{"taxonomy":"category","embeddable":true,"href":"https:\/\/santpedor.net\/radio\/wp-json\/wp\/v2\/categories?post=4536"},{"taxonomy":"post_tag","embeddable":true,"href":"https:\/\/santpedor.net\/radio\/wp-json\/wp\/v2\/tags?post=4536"}],"curies":[{"name":"wp","href":"https:\/\/api.w.org\/{rel}","templated":true}]}}