{"id":4572,"date":"2016-05-03T16:02:13","date_gmt":"2016-05-03T14:02:13","guid":{"rendered":"http:\/\/santpedor.net\/wp\/?p=4572"},"modified":"2016-05-03T16:02:13","modified_gmt":"2016-05-03T14:02:13","slug":"josep-illa-no-veiem-clar-projecte-portal-lagulla","status":"publish","type":"post","link":"https:\/\/santpedor.net\/radio\/josep-illa-no-veiem-clar-projecte-portal-lagulla\/","title":{"rendered":"Josep Illa: &#8220;no veiem clar el projecte del Portal de l&#8217;Agulla&#8221;"},"content":{"rendered":"<p>El regidor de Medi Ambient i Urbanisme, Josep Illa, va passar pels micr\u00f2fons de R\u00e0dio Santpedor a l&#8217;Informatiu de diumenge i<strong> va deixar molts titulars<\/strong>. La majoria dels quals van con\u00e8ixer en prim\u00edcia els assistents al primer Consell Municipal d&#8217;Urbanisme de Santpedor que es va fer dijous. Un consell format per 14 persones: el president, que \u00e9s el propi Josep Illa, tres vocals representants dels grups pol\u00edtics, representants de col\u00b7legis professionals, representants d&#8217;associacions de ve\u00efns i dos ex regidors d&#8217;urbanisme.<\/p>\n<p>Entre els temes que van gener m\u00e9s inter\u00e8s al Consell hi ha el projecte del Portal de l&#8217;Agulla de Sant Fruit\u00f3s. Illa va subratllar que des de l&#8217;ajuntament &#8220;no veiem clar aquest projecte&#8221;. El regidor de Medi Ambient <strong>no veu inter\u00e8s p\u00fablic<\/strong> en la construcci\u00f3 del restaurant, la benzinera i l&#8217;hotel, que t\u00e9 projectat l&#8217;ajuntament de Sant Fruit\u00f3s, i a m\u00e9s diu que &#8220;no \u00e9s ambientalment sostenible, compromet el desenvolupament de l&#8217;anella verda de Manresa i afecta tamb\u00e9 la mobilitat dels santpedorencs&#8221;.<\/p>\n<p>Un altre tema comarcal amb afectaci\u00f3 a Santpedor que va sorgir al Consell \u00e9s l&#8217;activitat de les avionetes de l&#8217;aer\u00f2drom de Sant Fruit\u00f3s. Josep Illa va explicar que &#8220;en principi s&#8217;incorporaran coses que vam aportar en les nostres al\u00b7legacions. Ja s&#8217;han canviat recorreguts els \u00faltims mesos per reduir les mol\u00e8sties i la novetat \u00e9s que <strong>estem modificant \u00e0rees d&#8217;exclusi\u00f3<\/strong> on no podran passar les avionetes&#8221;.<\/p>\n<p>Per altra banda, Illa va confirmar la construcci\u00f3 de la rotonda a la carretera de Manresa al trencall d&#8217;Ampans. Un projecte que podria veure la llum al 2017.<\/p>\n<p>El regidor tamb\u00e9 va explicar que <strong>&#8220;a contra pron\u00f2stic, perqu\u00e8 es sol tardar m\u00e9s&#8221;\u00a0la reparcel\u00b7laci\u00f3 del Mirador de Montserrat ja est\u00e0 admesa a tr\u00e0mit per inscriure al registre<\/strong> i per tant &#8220;s&#8217;hi podr\u00e0 actuar aviat, un cop estigui completada la inscripci\u00f3&#8221;. Sobre els aiguamolls de la b\u00f2bila, diu que &#8220;fa falta una primavera plujosa per estabilitzar els nivells d&#8217;aigua i que sigui visible&#8221;.<\/p>\n<p>Escolta l&#8217;entrevista sencera:<\/p>\n<p><iframe loading=\"lazy\" id=\"audio_11378591\" style=\"border: 1px solid #EEE; box-sizing: border-box; width: 100%;\" src=\"http:\/\/www.ivoox.com\/player_ej_11378591_4_1.html?c1=828282\" width=\"300\" height=\"200\" frameborder=\"0\" scrolling=\"no\" allowfullscreen=\"allowfullscreen\"><\/iframe><\/p>\n","protected":false},"excerpt":{"rendered":"<p>El regidor de Medi Ambient i Urbanisme, Josep Illa, va passar pels micr\u00f2fons de R\u00e0dio Santpedor a l&#8217;Informatiu de diumenge i va deixar molts titulars. La majoria dels quals van con\u00e8ixer en prim\u00edcia els assistents al primer Consell Municipal d&#8217;Urbanisme de Santpedor que es va fer dijous. Un consell format per 14 persones: el president, [&hellip;]<\/p>\n","protected":false},"author":1,"featured_media":4574,"comment_status":"closed","ping_status":"closed","sticky":false,"template":"","format":"standard","meta":{"footnotes":""},"categories":[3,136],"tags":[439,65,7,382,176,100,358,113],"class_list":{"0":"post-4572","1":"post","2":"type-post","3":"status-publish","4":"format-standard","5":"has-post-thumbnail","7":"category-noticies","8":"category-politica-i-economia","9":"tag-aerodrom-sant-fruitos","10":"tag-aiguamolls-de-la-bobila","11":"tag-ajuntament","12":"tag-ampans","13":"tag-josep-illa","14":"tag-mirador-de-montserrat","15":"tag-portal-de-lagulla","16":"tag-santpedor"},"_links":{"self":[{"href":"https:\/\/santpedor.net\/radio\/wp-json\/wp\/v2\/posts\/4572","targetHints":{"allow":["GET"]}}],"collection":[{"href":"https:\/\/santpedor.net\/radio\/wp-json\/wp\/v2\/posts"}],"about":[{"href":"https:\/\/santpedor.net\/radio\/wp-json\/wp\/v2\/types\/post"}],"author":[{"embeddable":true,"href":"https:\/\/santpedor.net\/radio\/wp-json\/wp\/v2\/users\/1"}],"replies":[{"embeddable":true,"href":"https:\/\/santpedor.net\/radio\/wp-json\/wp\/v2\/comments?post=4572"}],"version-history":[{"count":0,"href":"https:\/\/santpedor.net\/radio\/wp-json\/wp\/v2\/posts\/4572\/revisions"}],"wp:featuredmedia":[{"embeddable":true,"href":"https:\/\/santpedor.net\/radio\/wp-json\/wp\/v2\/media\/4574"}],"wp:attachment":[{"href":"https:\/\/santpedor.net\/radio\/wp-json\/wp\/v2\/media?parent=4572"}],"wp:term":[{"taxonomy":"category","embeddable":true,"href":"https:\/\/santpedor.net\/radio\/wp-json\/wp\/v2\/categories?post=4572"},{"taxonomy":"post_tag","embeddable":true,"href":"https:\/\/santpedor.net\/radio\/wp-json\/wp\/v2\/tags?post=4572"}],"curies":[{"name":"wp","href":"https:\/\/api.w.org\/{rel}","templated":true}]}}