{"id":4809,"date":"2016-05-19T12:53:41","date_gmt":"2016-05-19T10:53:41","guid":{"rendered":"http:\/\/santpedor.net\/wp\/?p=4809"},"modified":"2016-05-19T12:53:41","modified_gmt":"2016-05-19T10:53:41","slug":"arriba-fes-bou-festa-presentacio-dels-bous-foc-santpedor","status":"publish","type":"post","link":"https:\/\/santpedor.net\/radio\/arriba-fes-bou-festa-presentacio-dels-bous-foc-santpedor\/","title":{"rendered":"Arriba la &#8220;Fes-te Bou!&#8221;, la festa de presentaci\u00f3 dels Bous de Foc de Santpedor"},"content":{"rendered":"<h3>Un grup de joves del poble han recuperat definitivament aquesta entitat que va n\u00e9ixer als anys 80 i va organitzar diversos correfocs al poble fins fa uns anys,\u00a0que va desapar\u00e8ixer<\/h3>\n<p>&nbsp;<\/p>\n<p>Els Bous de Foc <strong>reneixen de les seves cendres i es consoliden<\/strong> despr\u00e9s de la primerenca actuaci\u00f3\u00a0que van fer per\u00a0la passada\u00a0Fira de Sant Miquel. <strong>Es presentaran oficialment aquest dissabte 21 de maig a les 20h a la Capella de Sant Andreu<\/strong>, faran una primera mostra de foc a la Pla\u00e7a Gran en acabat de la presentaci\u00f3 i despr\u00e9s faran cercavila amb els Tabalers de Sant Fruit\u00f3s fins a l&#8217;escola Riu d&#8217;Or. All\u00e0, a les 21:30h,\u00a0faran el correfoc infantil obert a tothom &#8220;Riu de foc&#8221; dins el propi recinte de l&#8217;escola, en el marc de la Festa del Riu d&#8217;Or. La comitiva els Bous de Foc tancar\u00e0 la jornada amb un sopar a base de frankfurts a l&#8217;Ateneu Popular Ca la Teia, seguit d&#8217;un concert del grup local de versions festives &#8220;Ayawascat&#8221;. <strong>Des de l&#8217;entitat s&#8217;anima a tothom a participar dels actes de la &#8220;Fes-te Bou&#8221; i a involucrar-se en la iniciativa<\/strong>.<\/p>\n<p>Els \u201cBous de Foc\u201d tenen origen en l\u2019anomenat \u201cBou bufat\u201d, un bou de llauna amb rodes al qual es col\u00b7locaven coets i petards per empaitar a la gent de forma divertida durant les Enramades que\u00a0es celebraven antigament al poble per la festivitat religiosa del Corpus. Posteriorment, als anys 80, va apar\u00e8ixer la colla \u201cBous de Foc\u201d, que\u00a0organitzava correfocs anualment\u00a0fins fa uns pocs anys, que van desapar\u00e8ixer.<\/p>\n","protected":false},"excerpt":{"rendered":"<p>Un grup de joves del poble han recuperat definitivament aquesta entitat que va n\u00e9ixer als anys 80 i va organitzar diversos correfocs al poble fins fa uns anys,\u00a0que va desapar\u00e8ixer &nbsp; Els Bous de Foc reneixen de les seves cendres i es consoliden despr\u00e9s de la primerenca actuaci\u00f3\u00a0que van fer per\u00a0la passada\u00a0Fira de Sant Miquel. [&hellip;]<\/p>\n","protected":false},"author":1,"featured_media":4810,"comment_status":"closed","ping_status":"closed","sticky":false,"template":"","format":"standard","meta":{"footnotes":""},"categories":[236,3],"tags":[420,262,235,453,229,113],"class_list":{"0":"post-4809","1":"post","2":"type-post","3":"status-publish","4":"format-standard","5":"has-post-thumbnail","7":"category-entitats-i-cultura","8":"category-noticies","9":"tag-ayawascat","10":"tag-bous-de-foc","11":"tag-ca-la-teia","12":"tag-fes-te-bou","13":"tag-riu-dor","14":"tag-santpedor"},"_links":{"self":[{"href":"https:\/\/santpedor.net\/radio\/wp-json\/wp\/v2\/posts\/4809","targetHints":{"allow":["GET"]}}],"collection":[{"href":"https:\/\/santpedor.net\/radio\/wp-json\/wp\/v2\/posts"}],"about":[{"href":"https:\/\/santpedor.net\/radio\/wp-json\/wp\/v2\/types\/post"}],"author":[{"embeddable":true,"href":"https:\/\/santpedor.net\/radio\/wp-json\/wp\/v2\/users\/1"}],"replies":[{"embeddable":true,"href":"https:\/\/santpedor.net\/radio\/wp-json\/wp\/v2\/comments?post=4809"}],"version-history":[{"count":0,"href":"https:\/\/santpedor.net\/radio\/wp-json\/wp\/v2\/posts\/4809\/revisions"}],"wp:featuredmedia":[{"embeddable":true,"href":"https:\/\/santpedor.net\/radio\/wp-json\/wp\/v2\/media\/4810"}],"wp:attachment":[{"href":"https:\/\/santpedor.net\/radio\/wp-json\/wp\/v2\/media?parent=4809"}],"wp:term":[{"taxonomy":"category","embeddable":true,"href":"https:\/\/santpedor.net\/radio\/wp-json\/wp\/v2\/categories?post=4809"},{"taxonomy":"post_tag","embeddable":true,"href":"https:\/\/santpedor.net\/radio\/wp-json\/wp\/v2\/tags?post=4809"}],"curies":[{"name":"wp","href":"https:\/\/api.w.org\/{rel}","templated":true}]}}