{"id":4819,"date":"2016-05-20T12:26:15","date_gmt":"2016-05-20T10:26:15","guid":{"rendered":"http:\/\/santpedor.net\/wp\/?p=4819"},"modified":"2016-05-20T12:26:15","modified_gmt":"2016-05-20T10:26:15","slug":"tast-cerveses-botifarra-concert-celebrar-1er-aniversari-lateneu-ca-teia","status":"publish","type":"post","link":"https:\/\/santpedor.net\/radio\/tast-cerveses-botifarra-concert-celebrar-1er-aniversari-lateneu-ca-teia\/","title":{"rendered":"Tast de cerveses, botifarra i concert per celebrar el 1er aniversari de l&#8217;Ateneu Ca La Teia"},"content":{"rendered":"<p>L\u2019Ateneu <strong>Ca La Teia compleix un any<\/strong>. L\u2019edifici del carrer convent va ser ocupat\u00a0(o alliberat, segons qui ho expliqui)\u00a0a principis de maig de l\u2019any passat per oferir alternatives culturals, d\u2019oci i dinamitzar la vida associativa del poble. <strong>Ho celebren\u00a0avui divendres 20 de maig<\/strong> amb un tast de cerveses acompanyat d\u2019entrep\u00e0 de botifarra a les 20h i un concert a partir de les 21:30h amb els Rastaflaires i La Zarig\u00fcella, grups formats per membres de S\u00e9ptimo-A, K\u00f2dul o Les Absentes. Qui vulgui podr\u00e0 gaudir de tot plegat comprant un tiquet per 7 euros directament all\u00e0 o a trav\u00e9s del perfil de Facebook de l&#8217;Ateneu.<\/p>\n<p>En aquest any de vida des de l\u2019Ateneu de Ca La Teia <strong>s\u2019han organitzat activitats de tot tipus<\/strong>: xerrades, tallers, concerts i formacions, a m\u00e9s d&#8217;obrir portes els divendres i dissabtes nits. Aix\u00ed han sorgit iniciatives com el \u201cCurs de guitarra gratu\u00eft\u201d i les emissions dels cap\u00edtols de \u201cJoc de Trons\u201d de cada dilluns , o els recents creats \u201cCurs de costura gratu\u00eft\u201d i \u201cCor Femen\u00ed\u201d, que tamb\u00e9 donen vida a l\u2019Ateneu entre setmana, igual que la cooperativa ecol\u00f2gica La Granera, que cada dimarts l\u2019utilitza per repartir els seus productes.<\/p>\n<p>L&#8217;Ateneu Ca La Teia es va comen\u00e7ar a gestar l&#8217;any 2013 entre diversos col\u00b7lectius i entitats que van acabar per consensuar que <strong>feia falta un espai autogestionat\u00a0i obert al poble<\/strong>. En no posar-se\u00a0d&#8217;acord amb l&#8217;ajuntament,\u00a0l&#8217;assemblea de l&#8217;Ateneu va decidir ocupar\u00a0l&#8217;edifici abandonat de l&#8217;antiga botiga d&#8217;animals\u00a0davant de l&#8217;Auditori Convent. Actualment, l\u2019Assemblea de l\u2019Ateneu est\u00e0 formada per un conjunt de persones a t\u00edtol individual i les entitats i col\u00b7lectius La Granera, Les Gralleres, la Colla Bastonera Picarols de Santpedor, El Graner i l\u2019Esplai GEPS, que es troben els diumenges per tal de gestionar l\u2019espai. Altres entitats com els Castellers de Santpedor i els Bous de Foc (aquest dissabte) tamb\u00e9 han utilitzat l\u2019espai.<\/p>\n","protected":false},"excerpt":{"rendered":"<p>L\u2019Ateneu Ca La Teia compleix un any. L\u2019edifici del carrer convent va ser ocupat\u00a0(o alliberat, segons qui ho expliqui)\u00a0a principis de maig de l\u2019any passat per oferir alternatives culturals, d\u2019oci i dinamitzar la vida associativa del poble. Ho celebren\u00a0avui divendres 20 de maig amb un tast de cerveses acompanyat d\u2019entrep\u00e0 de botifarra a les 20h [&hellip;]<\/p>\n","protected":false},"author":1,"featured_media":4821,"comment_status":"closed","ping_status":"closed","sticky":false,"template":"","format":"standard","meta":{"footnotes":""},"categories":[236,3],"tags":[7,455,410],"class_list":{"0":"post-4819","1":"post","2":"type-post","3":"status-publish","4":"format-standard","5":"has-post-thumbnail","7":"category-entitats-i-cultura","8":"category-noticies","9":"tag-ajuntament","10":"tag-ateneu-ca-la-teia","11":"tag-santepdor"},"_links":{"self":[{"href":"https:\/\/santpedor.net\/radio\/wp-json\/wp\/v2\/posts\/4819","targetHints":{"allow":["GET"]}}],"collection":[{"href":"https:\/\/santpedor.net\/radio\/wp-json\/wp\/v2\/posts"}],"about":[{"href":"https:\/\/santpedor.net\/radio\/wp-json\/wp\/v2\/types\/post"}],"author":[{"embeddable":true,"href":"https:\/\/santpedor.net\/radio\/wp-json\/wp\/v2\/users\/1"}],"replies":[{"embeddable":true,"href":"https:\/\/santpedor.net\/radio\/wp-json\/wp\/v2\/comments?post=4819"}],"version-history":[{"count":0,"href":"https:\/\/santpedor.net\/radio\/wp-json\/wp\/v2\/posts\/4819\/revisions"}],"wp:featuredmedia":[{"embeddable":true,"href":"https:\/\/santpedor.net\/radio\/wp-json\/wp\/v2\/media\/4821"}],"wp:attachment":[{"href":"https:\/\/santpedor.net\/radio\/wp-json\/wp\/v2\/media?parent=4819"}],"wp:term":[{"taxonomy":"category","embeddable":true,"href":"https:\/\/santpedor.net\/radio\/wp-json\/wp\/v2\/categories?post=4819"},{"taxonomy":"post_tag","embeddable":true,"href":"https:\/\/santpedor.net\/radio\/wp-json\/wp\/v2\/tags?post=4819"}],"curies":[{"name":"wp","href":"https:\/\/api.w.org\/{rel}","templated":true}]}}