{"id":4831,"date":"2016-05-23T22:52:04","date_gmt":"2016-05-23T20:52:04","guid":{"rendered":"http:\/\/santpedor.net\/wp\/?p=4831"},"modified":"2016-05-23T22:52:04","modified_gmt":"2016-05-23T20:52:04","slug":"lesport-santpedorenc-dia-sescapa-ultima-hora-somni-lascens-pel-cb-santpedor","status":"publish","type":"post","link":"https:\/\/santpedor.net\/radio\/lesport-santpedorenc-dia-sescapa-ultima-hora-somni-lascens-pel-cb-santpedor\/","title":{"rendered":"L&#8217;esport santpedorenc al dia &#8211; S&#8217;escapa a \u00faltima hora el somni de l&#8217;ascens pel CB Santpedor"},"content":{"rendered":"<p>El CB Santpedor\u00a0tocava amb els dits l&#8217;ascens a Segona Territorial a\u00a0pocs segons d&#8217;acabar el partit de tornada de la promoci\u00f3 contra el CE Onyar B, per\u00f2 <strong>un b\u00e0squet en els \u00faltims instants dels gironins va posar el definitiu 54 a 56 que deixava els santpedorencs a les portes de l&#8217;ascens<\/strong>. Aquest final cruel, per\u00f2, no esborra la gran temporada de l&#8217;equip, que seguir\u00e0 un any m\u00e9s a tercera territorial.<\/p>\n<p>El CF Santpedor va perdre per 2 a 4 davant el Marganell CE en\u00a0la pen\u00faltima\u00a0jornada del grup 7 de Tercera Catalana. Els blaugrana afronten s\u00f3n quarts amb 52 punts i afronten el darrer partit del calendari, diumenge que ve a les 16:30h al N\u00e0stic Parc contra el Gimn\u00e0stic de Manresa, sense m\u00e9s aspiraci\u00f3 que conservar la quarta posici\u00f3, un objectiu que aconseguiran matem\u00e0ticament si sumen un punt m\u00e9s.<\/p>\n<p><strong>La UE Castellnou ja \u00e9s a la final de la Copa Bages-Bergued\u00e0<\/strong> despr\u00e9s de derrotar el Sant Lloren\u00e7 de Morunys per 4 a 2 a Les Gaunes. Els de Xavi Marqu\u00e8s es disputaran aquest t\u00edtol amb el Sant Joan B, diumenge que ve a les 11.30h en camp neutral, a Navarcles.<\/p>\n<p>&nbsp;<\/p>\n","protected":false},"excerpt":{"rendered":"<p>El CB Santpedor\u00a0tocava amb els dits l&#8217;ascens a Segona Territorial a\u00a0pocs segons d&#8217;acabar el partit de tornada de la promoci\u00f3 contra el CE Onyar B, per\u00f2 un b\u00e0squet en els \u00faltims instants dels gironins va posar el definitiu 54 a 56 que deixava els santpedorencs a les portes de l&#8217;ascens. Aquest final cruel, per\u00f2, no [&hellip;]<\/p>\n","protected":false},"author":1,"featured_media":4832,"comment_status":"closed","ping_status":"closed","sticky":false,"template":"","format":"standard","meta":{"footnotes":""},"categories":[225,3],"tags":[90,331,265,398,113,334],"class_list":{"0":"post-4831","1":"post","2":"type-post","3":"status-publish","4":"format-standard","5":"has-post-thumbnail","7":"category-esports","8":"category-noticies","9":"tag-basquet","10":"tag-cb-santpedor","11":"tag-cf-santpedor","12":"tag-futbol","13":"tag-santpedor","14":"tag-ue-castellnou"},"_links":{"self":[{"href":"https:\/\/santpedor.net\/radio\/wp-json\/wp\/v2\/posts\/4831","targetHints":{"allow":["GET"]}}],"collection":[{"href":"https:\/\/santpedor.net\/radio\/wp-json\/wp\/v2\/posts"}],"about":[{"href":"https:\/\/santpedor.net\/radio\/wp-json\/wp\/v2\/types\/post"}],"author":[{"embeddable":true,"href":"https:\/\/santpedor.net\/radio\/wp-json\/wp\/v2\/users\/1"}],"replies":[{"embeddable":true,"href":"https:\/\/santpedor.net\/radio\/wp-json\/wp\/v2\/comments?post=4831"}],"version-history":[{"count":0,"href":"https:\/\/santpedor.net\/radio\/wp-json\/wp\/v2\/posts\/4831\/revisions"}],"wp:featuredmedia":[{"embeddable":true,"href":"https:\/\/santpedor.net\/radio\/wp-json\/wp\/v2\/media\/4832"}],"wp:attachment":[{"href":"https:\/\/santpedor.net\/radio\/wp-json\/wp\/v2\/media?parent=4831"}],"wp:term":[{"taxonomy":"category","embeddable":true,"href":"https:\/\/santpedor.net\/radio\/wp-json\/wp\/v2\/categories?post=4831"},{"taxonomy":"post_tag","embeddable":true,"href":"https:\/\/santpedor.net\/radio\/wp-json\/wp\/v2\/tags?post=4831"}],"curies":[{"name":"wp","href":"https:\/\/api.w.org\/{rel}","templated":true}]}}