{"id":4847,"date":"2016-05-27T16:03:17","date_gmt":"2016-05-27T14:03:17","guid":{"rendered":"http:\/\/santpedor.net\/wp\/?p=4847"},"modified":"2016-05-27T16:03:17","modified_gmt":"2016-05-27T14:03:17","slug":"nou-equipament-municipal-que-santpedor-guanyara-2019","status":"publish","type":"post","link":"https:\/\/santpedor.net\/radio\/nou-equipament-municipal-que-santpedor-guanyara-2019\/","title":{"rendered":"El nou equipament municipal que Santpedor guanyar\u00e0 abans del 2019"},"content":{"rendered":"<p>La Diputaci\u00f3 de Barcelona ha concedit 500.000 euros a Santpedor a trav\u00e9s de les Meses de Concertaci\u00f3 del per\u00edode 2016-2019, que l&#8217;ajuntament ha decidit <strong>invertir en la rehabilitaci\u00f3 integral d&#8217;un edifici hist\u00f2ric del casc antic. Es tracta de l&#8217;antiga f\u00e0brica de Cal Clarass\u00f3<\/strong>, situada al carrer valls al costat del portal de Sant Francesc, que l&#8217;ajuntament va adquirir al 2014 despr\u00e9s d&#8217;un acord de cessi\u00f3 de titularitat.<\/p>\n<p>La idea del consistori, si els tr\u00e0mits avancen al ritme adequat, \u00e9s iniciar l&#8217;execuci\u00f3 del projecte de cara al 2017 i tenir-ho enllestit al 2019, abans d&#8217;acabar al legislatura. Un cop enllestida la rehabilitaci\u00f3 de l&#8217;edifici, que consta de dues plantes de 435 metres quadrats cadascuna,<strong>\u00a0es preveu traslladar all\u00e0 \u00a0la Llar d&#8217;Avis Ca l&#8217;Arola (actualment \u00e9s a la Pla\u00e7a Gran) i posar-hi en marxa un viver d&#8217;empreses.<\/strong><\/p>\n<p>L&#8217;ajuntament ja va fer tasques de rehabilitaci\u00f3 a l&#8217;edifici al 2014, despr\u00e9s d&#8217;aconseguir-ne la concessi\u00f3, per valor de 50.000 euros, per tal de consolidar les parts m\u00e9s malmeses. Amb tot, el projecte d&#8217;obres preveu conservar les parets exteriors, la xemeneia, la capella\u00a0i el pou que hi ha el recinte, pel seu valor arquitect\u00f2nic.<\/p>\n","protected":false},"excerpt":{"rendered":"<p>La Diputaci\u00f3 de Barcelona ha concedit 500.000 euros a Santpedor a trav\u00e9s de les Meses de Concertaci\u00f3 del per\u00edode 2016-2019, que l&#8217;ajuntament ha decidit invertir en la rehabilitaci\u00f3 integral d&#8217;un edifici hist\u00f2ric del casc antic. Es tracta de l&#8217;antiga f\u00e0brica de Cal Clarass\u00f3, situada al carrer valls al costat del portal de Sant Francesc, que [&hellip;]<\/p>\n","protected":false},"author":1,"featured_media":4849,"comment_status":"closed","ping_status":"closed","sticky":false,"template":"","format":"standard","meta":{"footnotes":""},"categories":[3,136],"tags":[7,52,361,113],"class_list":{"0":"post-4847","1":"post","2":"type-post","3":"status-publish","4":"format-standard","5":"has-post-thumbnail","7":"category-noticies","8":"category-politica-i-economia","9":"tag-ajuntament","10":"tag-cal-clarasso","11":"tag-diputacio-de-barcelona","12":"tag-santpedor"},"_links":{"self":[{"href":"https:\/\/santpedor.net\/radio\/wp-json\/wp\/v2\/posts\/4847","targetHints":{"allow":["GET"]}}],"collection":[{"href":"https:\/\/santpedor.net\/radio\/wp-json\/wp\/v2\/posts"}],"about":[{"href":"https:\/\/santpedor.net\/radio\/wp-json\/wp\/v2\/types\/post"}],"author":[{"embeddable":true,"href":"https:\/\/santpedor.net\/radio\/wp-json\/wp\/v2\/users\/1"}],"replies":[{"embeddable":true,"href":"https:\/\/santpedor.net\/radio\/wp-json\/wp\/v2\/comments?post=4847"}],"version-history":[{"count":0,"href":"https:\/\/santpedor.net\/radio\/wp-json\/wp\/v2\/posts\/4847\/revisions"}],"wp:featuredmedia":[{"embeddable":true,"href":"https:\/\/santpedor.net\/radio\/wp-json\/wp\/v2\/media\/4849"}],"wp:attachment":[{"href":"https:\/\/santpedor.net\/radio\/wp-json\/wp\/v2\/media?parent=4847"}],"wp:term":[{"taxonomy":"category","embeddable":true,"href":"https:\/\/santpedor.net\/radio\/wp-json\/wp\/v2\/categories?post=4847"},{"taxonomy":"post_tag","embeddable":true,"href":"https:\/\/santpedor.net\/radio\/wp-json\/wp\/v2\/tags?post=4847"}],"curies":[{"name":"wp","href":"https:\/\/api.w.org\/{rel}","templated":true}]}}