{"id":4853,"date":"2016-05-30T13:57:37","date_gmt":"2016-05-30T11:57:37","guid":{"rendered":"http:\/\/santpedor.net\/wp\/?p=4853"},"modified":"2016-05-30T13:57:37","modified_gmt":"2016-05-30T11:57:37","slug":"lesport-santpedorenc-dia-patiment-epica-ue-castellnou-aconseguir-titol","status":"publish","type":"post","link":"https:\/\/santpedor.net\/radio\/lesport-santpedorenc-dia-patiment-epica-ue-castellnou-aconseguir-titol\/","title":{"rendered":"L&#8217;esport santpedorenc al dia &#8211; Patiment i \u00e8pica de la UE Castellnou per aconseguir el seu primer t\u00edtol"},"content":{"rendered":"<p>La UE Castellnou guanya el primer t\u00edtol de la seva curta hist\u00f2ria, la Copa Bages-Bergued\u00e0. Els verd-i-negres van suar la cansalada per remuntar, amb nom\u00e9s deu jugadors des de la primera part, un 0 a 2 en contra davant el Joanenc B. A l&#8217;heroica i a l&#8217;\u00faltim minut, els de Xavi Marqu\u00e8s van aconseguir l&#8217;empat. El partit, disputat en camp neutral, a Navarcles, es va decidir als penals on el Castellnou va tenir m\u00e9s encert per acabar 4 a 3 la tanda i endur-se el trofeu. Els jugadors van celebrar el t\u00edtol passejant pel poble pujats al remolc d&#8217;un tractor.<\/p>\n<p>El Club Futbol Santepdor, per la seva banda, va tancar la temporada empatant a 3 a domicili\u00a0 davant el Gimn\u00e0stic de Manresa. Els blaugranes acaben aix\u00ed la lliga de Tercera Catalana en quarta posici\u00f3 amb 53 punts.<\/p>\n<p>El Futbol Sala Santpedor va acabar tamb\u00e9 la temporada aquest cap de setmana guanyant per 4 a 5 al Futsal Puigcerd\u00e0. Els santpedorencs acaben la lliga de Primera Catalana en cinquena posici\u00f3 amb 40 punts.<\/p>\n","protected":false},"excerpt":{"rendered":"<p>La UE Castellnou guanya el primer t\u00edtol de la seva curta hist\u00f2ria, la Copa Bages-Bergued\u00e0. Els verd-i-negres van suar la cansalada per remuntar, amb nom\u00e9s deu jugadors des de la primera part, un 0 a 2 en contra davant el Joanenc B. A l&#8217;heroica i a l&#8217;\u00faltim minut, els de Xavi Marqu\u00e8s van aconseguir l&#8217;empat. [&hellip;]<\/p>\n","protected":false},"author":1,"featured_media":4855,"comment_status":"closed","ping_status":"closed","sticky":false,"template":"","format":"standard","meta":{"footnotes":""},"categories":[225,3],"tags":[337,265,113,334],"class_list":{"0":"post-4853","1":"post","2":"type-post","3":"status-publish","4":"format-standard","5":"has-post-thumbnail","7":"category-esports","8":"category-noticies","9":"tag-cefs-santpedor","10":"tag-cf-santpedor","11":"tag-santpedor","12":"tag-ue-castellnou"},"_links":{"self":[{"href":"https:\/\/santpedor.net\/radio\/wp-json\/wp\/v2\/posts\/4853","targetHints":{"allow":["GET"]}}],"collection":[{"href":"https:\/\/santpedor.net\/radio\/wp-json\/wp\/v2\/posts"}],"about":[{"href":"https:\/\/santpedor.net\/radio\/wp-json\/wp\/v2\/types\/post"}],"author":[{"embeddable":true,"href":"https:\/\/santpedor.net\/radio\/wp-json\/wp\/v2\/users\/1"}],"replies":[{"embeddable":true,"href":"https:\/\/santpedor.net\/radio\/wp-json\/wp\/v2\/comments?post=4853"}],"version-history":[{"count":0,"href":"https:\/\/santpedor.net\/radio\/wp-json\/wp\/v2\/posts\/4853\/revisions"}],"wp:featuredmedia":[{"embeddable":true,"href":"https:\/\/santpedor.net\/radio\/wp-json\/wp\/v2\/media\/4855"}],"wp:attachment":[{"href":"https:\/\/santpedor.net\/radio\/wp-json\/wp\/v2\/media?parent=4853"}],"wp:term":[{"taxonomy":"category","embeddable":true,"href":"https:\/\/santpedor.net\/radio\/wp-json\/wp\/v2\/categories?post=4853"},{"taxonomy":"post_tag","embeddable":true,"href":"https:\/\/santpedor.net\/radio\/wp-json\/wp\/v2\/tags?post=4853"}],"curies":[{"name":"wp","href":"https:\/\/api.w.org\/{rel}","templated":true}]}}