{"id":4886,"date":"2016-06-07T13:04:06","date_gmt":"2016-06-07T11:04:06","guid":{"rendered":"http:\/\/santpedor.net\/wp\/?p=4886"},"modified":"2016-06-07T13:04:06","modified_gmt":"2016-06-07T11:04:06","slug":"lateneu-popular-ca-teia-denunciat-ocupar-propietat-privada","status":"publish","type":"post","link":"https:\/\/santpedor.net\/radio\/lateneu-popular-ca-teia-denunciat-ocupar-propietat-privada\/","title":{"rendered":"L&#8217;Ateneu Popular Ca La Teia denunciat per ocupar una propietat privada"},"content":{"rendered":"<p>l&#8217;Ateneu Popular Ca La Teia compleix un any de vida amb una <strong>primera amena\u00e7a a la vista, la den\u00fancia del gestor del concurs de creditors<\/strong>\u00a0de l&#8217;empresa que era abans propiet\u00e0ria del local que Ca La Teia ocupa. Els membres de l&#8217;ateneu popular, per\u00f2, no es donaran f\u00e0cilment per ven\u00e7uts.\u00a0A m\u00e9s de sentir-se legitimats per ocupar l&#8217;espai per la tasca social que hi porten a terme, afirmen que tamb\u00e9 tenen arguments jur\u00eddics per defensar-se. Aix\u00ed ho van explicar Aniol Vila i Nicol\u00e1s Castellano, membres de Ca La Teia,\u00a0en una entrevista a l&#8217;Informatiu de R\u00e0dio Santpedor, on van afirmar que un dels seus principals arguments jur\u00eddics \u00e9s que <strong>&#8220;creiem que se&#8217;ns acusa d&#8217;un delicte que ja ha prescrit&#8221;. El judici ser\u00e0 el dimarts 14 de juny, despr\u00e9s de Festa Major, a les 10h als Jutjats de Manresa i des de l&#8217;Ateneu s&#8217;anima a tothom a anar-hi a donar suport.<br \/>\n<\/strong><\/p>\n<p>Den\u00fancia a part, Vila i Castellana van repassar el primer any de vida de Ca La Teia, del qual fan un balan\u00e7 &#8220;molt positiu&#8221; i van remarcar el grup d&#8217;entitats -el\u00a0Graner,\u00a0CUP\u00a0Santpedor, la\u00a0Granera, les Gralleres, els\u00a0Picarols, i l&#8217;esplai Geps-\u00a0i persones que avui dia s&#8217;hi vinculen directament\u00a0i les tasques que s&#8217;hi porten a terme, entre les quals confer\u00e8ncies, tallers, actuacions, sopars, cursos, i un llarg etc\u00e8tera. <strong>&#8220;Una de les grans gestes de Ca La Teia \u00e9s que a part de donar lloc a qui no en tenia ha esdevingut lloc de trobada per molta gent i germen de noves iniciatives&#8221;<\/strong>, explica l&#8217;Aniol. Els inicis per\u00f2, no van ser f\u00e0cils. Tot i que en principi l&#8217;espai es volia\u00a0trobar de mutu acord amb l&#8217;ajuntament, i no ocupar, Vila explica com es van sentir &#8220;ignorats i enganyats&#8221; per l&#8217;ajuntament de Santpedor, a qui retreu que primer estigu\u00e9s d&#8217;acord amb la proposta de l&#8217;Ateneu, despr\u00e9s estigu\u00e9s varis mesos sense donar senyals de vida i finalment canviessin de parer i es tiressin enrere. Amb tot, la relaci\u00f3 amb el consistori a dia d&#8217;avui\u00a0&#8220;no \u00e9s dolenta&#8221; i de fet &#8220;m\u00e9s d&#8217;un cop algun regidor s&#8217;ha deixat caure per Ca La Teia&#8221;.<\/p>\n<p><em>Escolta l&#8217;entrevista sencera a Aniol Vila i Nicol\u00e1s Castellano:<\/em><\/p>\n<p><iframe loading=\"lazy\" id=\"audio_11772508\" style=\"border: 1px solid #EEE; box-sizing: border-box; width: 100%;\" src=\"http:\/\/www.ivoox.com\/player_ej_11772508_4_1.html?c1=828282\" width=\"300\" height=\"200\" frameborder=\"0\" scrolling=\"no\" allowfullscreen=\"allowfullscreen\"><\/iframe><\/p>\n<p>&nbsp;<\/p>\n","protected":false},"excerpt":{"rendered":"<p>l&#8217;Ateneu Popular Ca La Teia compleix un any de vida amb una primera amena\u00e7a a la vista, la den\u00fancia del gestor del concurs de creditors\u00a0de l&#8217;empresa que era abans propiet\u00e0ria del local que Ca La Teia ocupa. Els membres de l&#8217;ateneu popular, per\u00f2, no es donaran f\u00e0cilment per ven\u00e7uts.\u00a0A m\u00e9s de sentir-se legitimats per ocupar [&hellip;]<\/p>\n","protected":false},"author":1,"featured_media":4887,"comment_status":"closed","ping_status":"closed","sticky":false,"template":"","format":"standard","meta":{"footnotes":""},"categories":[236,3,137],"tags":[7,469,235,113],"class_list":{"0":"post-4886","1":"post","2":"type-post","3":"status-publish","4":"format-standard","5":"has-post-thumbnail","7":"category-entitats-i-cultura","8":"category-noticies","9":"category-societat","10":"tag-ajuntament","11":"tag-ateneu-popular-ca-la-teia","12":"tag-ca-la-teia","13":"tag-santpedor"},"_links":{"self":[{"href":"https:\/\/santpedor.net\/radio\/wp-json\/wp\/v2\/posts\/4886","targetHints":{"allow":["GET"]}}],"collection":[{"href":"https:\/\/santpedor.net\/radio\/wp-json\/wp\/v2\/posts"}],"about":[{"href":"https:\/\/santpedor.net\/radio\/wp-json\/wp\/v2\/types\/post"}],"author":[{"embeddable":true,"href":"https:\/\/santpedor.net\/radio\/wp-json\/wp\/v2\/users\/1"}],"replies":[{"embeddable":true,"href":"https:\/\/santpedor.net\/radio\/wp-json\/wp\/v2\/comments?post=4886"}],"version-history":[{"count":0,"href":"https:\/\/santpedor.net\/radio\/wp-json\/wp\/v2\/posts\/4886\/revisions"}],"wp:featuredmedia":[{"embeddable":true,"href":"https:\/\/santpedor.net\/radio\/wp-json\/wp\/v2\/media\/4887"}],"wp:attachment":[{"href":"https:\/\/santpedor.net\/radio\/wp-json\/wp\/v2\/media?parent=4886"}],"wp:term":[{"taxonomy":"category","embeddable":true,"href":"https:\/\/santpedor.net\/radio\/wp-json\/wp\/v2\/categories?post=4886"},{"taxonomy":"post_tag","embeddable":true,"href":"https:\/\/santpedor.net\/radio\/wp-json\/wp\/v2\/tags?post=4886"}],"curies":[{"name":"wp","href":"https:\/\/api.w.org\/{rel}","templated":true}]}}