{"id":5240,"date":"2016-06-18T14:08:19","date_gmt":"2016-06-18T12:08:19","guid":{"rendered":"http:\/\/santpedor.net\/wp\/?p=5240"},"modified":"2016-06-18T14:08:19","modified_gmt":"2016-06-18T12:08:19","slug":"sac-costa-creure-que-tindrem-espai-propi","status":"publish","type":"post","link":"https:\/\/santpedor.net\/radio\/sac-costa-creure-que-tindrem-espai-propi\/","title":{"rendered":"SAC: &#8220;ens costa de creure que per fi tindrem un espai propi&#8221;"},"content":{"rendered":"<p>Despr\u00e9s de 6 anys reivindicant-lo el SAC (Santpedor Art i Creaci\u00f3) veu a prop la llum al final del t\u00fanel. <strong>Al setembre est\u00e0 previst que puguin traslladar la seva activitat a la que ser\u00e0 la seva nova casa: La Nau<\/strong>. Fins ara, portaven a terme la seva activitat a casa d&#8217;algun membre de l&#8217;entitat o all\u00e0 on podien. &#8220;Costa de creure que despr\u00e9s de tants anys demanant-la podrem anar a la Nau&#8221; asseguren des de l&#8217;entitat.<\/p>\n<p>El SAC neix anys enrere arrel d&#8217;una iniciativa de l&#8217;ajuntament per promocionar l&#8217;art i la cultura. A dia d&#8217;avui hi ha 7 membres que s\u00f3n el nucli dur de l&#8217;entitat per\u00f2 sempre estan oberts a rebre noves persones que hi estiguin interessades. &#8220;<strong>l&#8217;art no \u00e9s una cosa aliena a la gent, tothom pot gaudir de l&#8217;art i expressar-se art\u00edsticament independentment de la seva formaci\u00f3 o del nivell d&#8217;enteniment sobre art que tenen<\/strong>&#8221; afirmen.<\/p>\n<p>A dia d&#8217;avui, Joan Ferrer, membre del SAC, ofereix una exposici\u00f3 d&#8217;arts pict\u00f2riques sobre el vi al Museu de la T\u00e8cnica de Manresa. \u00c9s una de les moltes activitats i accions que han portat a terme, com el mural pintat al carrer Era de Torrabruna \u00a0el dia internacional de la dona treballadora o els poemes repartits pel poble i penjats en balcons.<\/p>\n<p><em>Escolteu l&#8217;entrevista competa a Rosa Alonso, Joan Ferrer i Carme Magem, membres del SAC:<\/em><\/p>\n<p><iframe loading=\"lazy\" id=\"audio_11870187\" style=\"border: 1px solid #EEE; box-sizing: border-box; width: 100%;\" src=\"http:\/\/www.ivoox.com\/player_ej_11870187_4_1.html?c1=828282\" width=\"300\" height=\"200\" frameborder=\"0\" scrolling=\"no\" allowfullscreen=\"allowfullscreen\"><\/iframe><\/p>\n","protected":false},"excerpt":{"rendered":"<p>Despr\u00e9s de 6 anys reivindicant-lo el SAC (Santpedor Art i Creaci\u00f3) veu a prop la llum al final del t\u00fanel. Al setembre est\u00e0 previst que puguin traslladar la seva activitat a la que ser\u00e0 la seva nova casa: La Nau. Fins ara, portaven a terme la seva activitat a casa d&#8217;algun membre de l&#8217;entitat o [&hellip;]<\/p>\n","protected":false},"author":1,"featured_media":5241,"comment_status":"closed","ping_status":"closed","sticky":false,"template":"","format":"standard","meta":{"footnotes":""},"categories":[236,3],"tags":[239,113,471],"class_list":{"0":"post-5240","1":"post","2":"type-post","3":"status-publish","4":"format-standard","5":"has-post-thumbnail","7":"category-entitats-i-cultura","8":"category-noticies","9":"tag-sac","10":"tag-santpedor","11":"tag-santpedor-art-i-creacio"},"_links":{"self":[{"href":"https:\/\/santpedor.net\/radio\/wp-json\/wp\/v2\/posts\/5240","targetHints":{"allow":["GET"]}}],"collection":[{"href":"https:\/\/santpedor.net\/radio\/wp-json\/wp\/v2\/posts"}],"about":[{"href":"https:\/\/santpedor.net\/radio\/wp-json\/wp\/v2\/types\/post"}],"author":[{"embeddable":true,"href":"https:\/\/santpedor.net\/radio\/wp-json\/wp\/v2\/users\/1"}],"replies":[{"embeddable":true,"href":"https:\/\/santpedor.net\/radio\/wp-json\/wp\/v2\/comments?post=5240"}],"version-history":[{"count":0,"href":"https:\/\/santpedor.net\/radio\/wp-json\/wp\/v2\/posts\/5240\/revisions"}],"wp:featuredmedia":[{"embeddable":true,"href":"https:\/\/santpedor.net\/radio\/wp-json\/wp\/v2\/media\/5241"}],"wp:attachment":[{"href":"https:\/\/santpedor.net\/radio\/wp-json\/wp\/v2\/media?parent=5240"}],"wp:term":[{"taxonomy":"category","embeddable":true,"href":"https:\/\/santpedor.net\/radio\/wp-json\/wp\/v2\/categories?post=5240"},{"taxonomy":"post_tag","embeddable":true,"href":"https:\/\/santpedor.net\/radio\/wp-json\/wp\/v2\/tags?post=5240"}],"curies":[{"name":"wp","href":"https:\/\/api.w.org\/{rel}","templated":true}]}}