{"id":5248,"date":"2016-06-20T01:11:14","date_gmt":"2016-06-19T23:11:14","guid":{"rendered":"http:\/\/santpedor.net\/wp\/?p=5248"},"modified":"2016-06-20T01:11:14","modified_gmt":"2016-06-19T23:11:14","slug":"santpedor-consolida-festes-majors-mes-potents-comarca","status":"publish","type":"post","link":"https:\/\/santpedor.net\/radio\/santpedor-consolida-festes-majors-mes-potents-comarca\/","title":{"rendered":"Santpedor consolida una de les festes majors m\u00e9s potents de la comarca"},"content":{"rendered":"<p>Santpedor clou una Festa Major que <strong>torna a superar les expectatives i a atraure m\u00e9s penyes i gent que mai<\/strong>. Aquest cop, a m\u00e9s, sense cap incident a subratllar. Les gaireb\u00e9 50 penyes del poble van omplir el recinte de penyes al camp de futbol vell del Llissach i van fer festa durant els 4 dies de Festa Major amb un comportament c\u00edvic.<\/p>\n<p>El preg\u00f3 institucional, a c\u00e0rrec de Marc Mart\u00ednez Amat, va ser el preludi de l&#8217;entrada de penyes a la Pla\u00e7a, divendres al vespre, i la posterior actuaci\u00f3 del Flashmob que les penyes havien preparat, amb Ferran Gallart al micr\u00f2fon cantant <strong>la can\u00e7\u00f3 &#8216;Siscunagger&#8217; que va desfermar la bogeria a la Pla\u00e7a Gran<\/strong>, tal i com es mostra en <a href=\"https:\/\/www.facebook.com\/festa.majorsantpedor\/videos\/952371328215074\/\">aquest v\u00eddeo que ja s&#8217;ha viralitzat<\/a>:<br \/>\nAix\u00ed ho ha valorat l\u2019alcalde, Xavier Codina, en una entrevista al Pla\u00e7a Gran de R\u00e0dio Santpedor:<\/p>\n<p><audio class=\"wp-audio-shortcode\" id=\"audio-5248-1\" preload=\"none\" style=\"width: 100%;\" controls=\"controls\"><source type=\"audio\/mpeg\" src=\"http:\/\/onabages.cat\/wp-content\/uploads\/Xavier-Codina-sobre-Festa-Major.mp3?_=1\" \/><a href=\"http:\/\/onabages.cat\/wp-content\/uploads\/Xavier-Codina-sobre-Festa-Major.mp3\">http:\/\/onabages.cat\/wp-content\/uploads\/Xavier-Codina-sobre-Festa-Major.mp3<\/a><\/audio><br \/>\nEl tema pol\u00e8mic de la Festa Major van ser les vaquetes, despr\u00e9s de l\u2019enganxada de cartells al poble els dies abans i algunes protestes en contra que havien sorgit a les xarxes socials. Activistes animalistes van assistir a veure aquesta activitat per veure de primera m\u00e0 com es portava a terme a Santpedor, per\u00f2 no van fer cap actuaci\u00f3 en concret ni es van fer visibles. <strong>Les tres edicions de vaquetes, doncs, van transc\u00f3rrer amb total normalitat<\/strong>, m\u00e9s enll\u00e0 d\u2019alguna que altra esgarrinxada, com cada any.<\/p>\n","protected":false},"excerpt":{"rendered":"<p>Santpedor clou una Festa Major que torna a superar les expectatives i a atraure m\u00e9s penyes i gent que mai. Aquest cop, a m\u00e9s, sense cap incident a subratllar. Les gaireb\u00e9 50 penyes del poble van omplir el recinte de penyes al camp de futbol vell del Llissach i van fer festa durant els 4 [&hellip;]<\/p>\n","protected":false},"author":1,"featured_media":5249,"comment_status":"closed","ping_status":"closed","sticky":false,"template":"","format":"standard","meta":{"footnotes":""},"categories":[3,137],"tags":[473,113,407],"class_list":{"0":"post-5248","1":"post","2":"type-post","3":"status-publish","4":"format-standard","5":"has-post-thumbnail","7":"category-noticies","8":"category-societat","9":"tag-festa-major-de-santpedor","10":"tag-santpedor","11":"tag-vaquetes"},"_links":{"self":[{"href":"https:\/\/santpedor.net\/radio\/wp-json\/wp\/v2\/posts\/5248","targetHints":{"allow":["GET"]}}],"collection":[{"href":"https:\/\/santpedor.net\/radio\/wp-json\/wp\/v2\/posts"}],"about":[{"href":"https:\/\/santpedor.net\/radio\/wp-json\/wp\/v2\/types\/post"}],"author":[{"embeddable":true,"href":"https:\/\/santpedor.net\/radio\/wp-json\/wp\/v2\/users\/1"}],"replies":[{"embeddable":true,"href":"https:\/\/santpedor.net\/radio\/wp-json\/wp\/v2\/comments?post=5248"}],"version-history":[{"count":0,"href":"https:\/\/santpedor.net\/radio\/wp-json\/wp\/v2\/posts\/5248\/revisions"}],"wp:featuredmedia":[{"embeddable":true,"href":"https:\/\/santpedor.net\/radio\/wp-json\/wp\/v2\/media\/5249"}],"wp:attachment":[{"href":"https:\/\/santpedor.net\/radio\/wp-json\/wp\/v2\/media?parent=5248"}],"wp:term":[{"taxonomy":"category","embeddable":true,"href":"https:\/\/santpedor.net\/radio\/wp-json\/wp\/v2\/categories?post=5248"},{"taxonomy":"post_tag","embeddable":true,"href":"https:\/\/santpedor.net\/radio\/wp-json\/wp\/v2\/tags?post=5248"}],"curies":[{"name":"wp","href":"https:\/\/api.w.org\/{rel}","templated":true}]}}