{"id":5255,"date":"2016-06-21T13:52:14","date_gmt":"2016-06-21T11:52:14","guid":{"rendered":"http:\/\/santpedor.net\/wp\/?p=5255"},"modified":"2016-10-24T00:45:46","modified_gmt":"2016-10-23T22:45:46","slug":"xavier-codina-alcalde-has-daprendre-escoltar-et-converteixes-psicoleg-poble","status":"publish","type":"post","link":"https:\/\/santpedor.net\/radio\/xavier-codina-alcalde-has-daprendre-escoltar-et-converteixes-psicoleg-poble\/","title":{"rendered":"Xavier Codina: &#8220;com a alcalde has d&#8217;aprendre a escoltar, et converteixes en el psic\u00f2leg del poble&#8221;"},"content":{"rendered":"<p>Xavier Codina va tocar tota l&#8217;actualitat del poble en una entrevista especial a R\u00e0dio Santpedor en motiu del seu primer any de mandat. Valoraci\u00f3 de Festa Major, La Nau, Cal Clarass\u00f3, Can Jorba, el Portal de l&#8217;Agulla, el Riu d&#8217;Or, la tasca de govern, el Paller, l&#8217;oposici\u00f3, l&#8217;aer\u00f2drom de Sant Fruit\u00f3s,\u00a0la via verda Santpedor-Manresa, el\u00a0poblat medieval El Plai\u00e0,\u00a0els canvis en el seu dia a dia&#8230; no et perdis l&#8217;\u00e0udio:<\/p>\n<p><iframe loading=\"lazy\" id=\"audio_11951275\" style=\"border: 1px solid #EEE; box-sizing: border-box; width: 100%;\" src=\"http:\/\/www.ivoox.com\/player_ej_11951275_4_1.html?c1=828282\" width=\"300\" height=\"200\" frameborder=\"0\" scrolling=\"no\" allowfullscreen=\"allowfullscreen\"><\/iframe><\/p>\n","protected":false},"excerpt":{"rendered":"<p>Xavier Codina va tocar tota l&#8217;actualitat del poble en una entrevista especial a R\u00e0dio Santpedor en motiu del seu primer any de mandat. Valoraci\u00f3 de Festa Major, La Nau, Cal Clarass\u00f3, Can Jorba, el Portal de l&#8217;Agulla, el Riu d&#8217;Or, la tasca de govern, el Paller, l&#8217;oposici\u00f3, l&#8217;aer\u00f2drom de Sant Fruit\u00f3s,\u00a0la via verda Santpedor-Manresa, el\u00a0poblat [&hellip;]<\/p>\n","protected":false},"author":1,"featured_media":5256,"comment_status":"closed","ping_status":"closed","sticky":false,"template":"","format":"standard","meta":{"footnotes":""},"categories":[3,356,136,535,137],"tags":[7,113,20],"class_list":{"0":"post-5255","1":"post","2":"type-post","3":"status-publish","4":"format-standard","5":"has-post-thumbnail","7":"category-noticies","8":"category-placa-gran","9":"category-politica-i-economia","10":"category-programes","11":"category-societat","12":"tag-ajuntament","13":"tag-santpedor","14":"tag-xavier-codina"},"_links":{"self":[{"href":"https:\/\/santpedor.net\/radio\/wp-json\/wp\/v2\/posts\/5255","targetHints":{"allow":["GET"]}}],"collection":[{"href":"https:\/\/santpedor.net\/radio\/wp-json\/wp\/v2\/posts"}],"about":[{"href":"https:\/\/santpedor.net\/radio\/wp-json\/wp\/v2\/types\/post"}],"author":[{"embeddable":true,"href":"https:\/\/santpedor.net\/radio\/wp-json\/wp\/v2\/users\/1"}],"replies":[{"embeddable":true,"href":"https:\/\/santpedor.net\/radio\/wp-json\/wp\/v2\/comments?post=5255"}],"version-history":[{"count":0,"href":"https:\/\/santpedor.net\/radio\/wp-json\/wp\/v2\/posts\/5255\/revisions"}],"wp:featuredmedia":[{"embeddable":true,"href":"https:\/\/santpedor.net\/radio\/wp-json\/wp\/v2\/media\/5256"}],"wp:attachment":[{"href":"https:\/\/santpedor.net\/radio\/wp-json\/wp\/v2\/media?parent=5255"}],"wp:term":[{"taxonomy":"category","embeddable":true,"href":"https:\/\/santpedor.net\/radio\/wp-json\/wp\/v2\/categories?post=5255"},{"taxonomy":"post_tag","embeddable":true,"href":"https:\/\/santpedor.net\/radio\/wp-json\/wp\/v2\/tags?post=5255"}],"curies":[{"name":"wp","href":"https:\/\/api.w.org\/{rel}","templated":true}]}}