{"id":5340,"date":"2016-08-11T13:57:42","date_gmt":"2016-08-11T11:57:42","guid":{"rendered":"http:\/\/santpedor.net\/wp\/?p=5340"},"modified":"2016-08-11T13:57:42","modified_gmt":"2016-08-11T11:57:42","slug":"millors-llocs-contemplar-aquesta-nit-pluja-destels-santpedor-castellnou","status":"publish","type":"post","link":"https:\/\/santpedor.net\/radio\/millors-llocs-contemplar-aquesta-nit-pluja-destels-santpedor-castellnou\/","title":{"rendered":"Els millors llocs per contemplar aquesta nit la pluja d&#8217;estels a Santpedor i Castellnou"},"content":{"rendered":"<p>Tot aquell a qui li agradi mirar les estrelles t\u00e9 la nit d&#8217;avui marcada al calendari per contemplar la pluja d&#8217;estels m\u00e9s famosa. Les ll\u00e0grimes de Sant Lloren\u00e7 o Perseids, tradicionals d&#8217;aquesta \u00e8poca quan la Terra creua la seva \u00f2rbita amb l&#8217;espai on el cometa Swift-Tuttle va deixar restes de pols i part\u00edcules, es podran contemplar\u00a0aquesta nit\u00a0en el seu m\u00e0xim esplendor. La gravetat de J\u00fapiter fa que, enguany, a m\u00e9s, les restes del cometa passin molt m\u00e9s a prop de la Terra per la qual cosa la NASA preveu que es pugui duplicar, fins a 200 per hora, el nombre d&#8217;estels fuga\u00e7os visibles.<\/p>\n<p>Per tal de poder veure m\u00e9s estels i amb m\u00e9s claredat, \u00e9s recomanable buscar punts d&#8217;observaci\u00f3 elevats i allunyats de qualsevol llum artificial, per aix\u00f2 els nuclis de poblaci\u00f3 no s\u00f3n un bon lloc. A Santpedor i Castellnou de Bages hi ha bones opcions per contemplar les Ll\u00e0grimes de Sant Lloren\u00e7 aquesta nit. Una d&#8217;elles \u00e9s la Torre del Moro, a Castellnou de Bages, un indret elevat i allunyat d&#8217;interfer\u00e8ncies lum\u00edniques. Tamb\u00e9 a Castellnou, a la carretera, trobareu camins i marges que condueixen a descampats i boscos a\u00efllats des d&#8217;on es pot observar n\u00edtidament el cel. A Santpedor, un bon lloc\u00a0seran els turons del voltant del Mirador de Montserrat.<\/p>\n<p>La nit es preveu clara i sense n\u00favols, tot i aix\u00ed, el moment de m\u00e0xima foscor, ideal per contemplar els estels, ser\u00e0 a partir de dos quarts de dues de la matinada, quan la lluna es pongui.<\/p>\n<p>&nbsp;<\/p>\n","protected":false},"excerpt":{"rendered":"<p>Tot aquell a qui li agradi mirar les estrelles t\u00e9 la nit d&#8217;avui marcada al calendari per contemplar la pluja d&#8217;estels m\u00e9s famosa. Les ll\u00e0grimes de Sant Lloren\u00e7 o Perseids, tradicionals d&#8217;aquesta \u00e8poca quan la Terra creua la seva \u00f2rbita amb l&#8217;espai on el cometa Swift-Tuttle va deixar restes de pols i part\u00edcules, es podran [&hellip;]<\/p>\n","protected":false},"author":1,"featured_media":5341,"comment_status":"closed","ping_status":"closed","sticky":false,"template":"","format":"standard","meta":{"footnotes":""},"categories":[3,137],"tags":[29,498,499,113,500],"class_list":{"0":"post-5340","1":"post","2":"type-post","3":"status-publish","4":"format-standard","5":"has-post-thumbnail","7":"category-noticies","8":"category-societat","9":"tag-castellnou-de-bages","10":"tag-llagrimes-de-sant-llorenc","11":"tag-pluja-destels","12":"tag-santpedor","13":"tag-torre-del-moro"},"_links":{"self":[{"href":"https:\/\/santpedor.net\/radio\/wp-json\/wp\/v2\/posts\/5340","targetHints":{"allow":["GET"]}}],"collection":[{"href":"https:\/\/santpedor.net\/radio\/wp-json\/wp\/v2\/posts"}],"about":[{"href":"https:\/\/santpedor.net\/radio\/wp-json\/wp\/v2\/types\/post"}],"author":[{"embeddable":true,"href":"https:\/\/santpedor.net\/radio\/wp-json\/wp\/v2\/users\/1"}],"replies":[{"embeddable":true,"href":"https:\/\/santpedor.net\/radio\/wp-json\/wp\/v2\/comments?post=5340"}],"version-history":[{"count":0,"href":"https:\/\/santpedor.net\/radio\/wp-json\/wp\/v2\/posts\/5340\/revisions"}],"wp:featuredmedia":[{"embeddable":true,"href":"https:\/\/santpedor.net\/radio\/wp-json\/wp\/v2\/media\/5341"}],"wp:attachment":[{"href":"https:\/\/santpedor.net\/radio\/wp-json\/wp\/v2\/media?parent=5340"}],"wp:term":[{"taxonomy":"category","embeddable":true,"href":"https:\/\/santpedor.net\/radio\/wp-json\/wp\/v2\/categories?post=5340"},{"taxonomy":"post_tag","embeddable":true,"href":"https:\/\/santpedor.net\/radio\/wp-json\/wp\/v2\/tags?post=5340"}],"curies":[{"name":"wp","href":"https:\/\/api.w.org\/{rel}","templated":true}]}}