{"id":5694,"date":"2016-10-01T06:03:01","date_gmt":"2016-10-01T06:03:01","guid":{"rendered":"http:\/\/santpedor.net\/radio\/?p=5694"},"modified":"2016-10-24T00:00:35","modified_gmt":"2016-10-23T22:00:35","slug":"fira-sant-miquel-supera-expectatives-comissio","status":"publish","type":"post","link":"https:\/\/santpedor.net\/radio\/fira-sant-miquel-supera-expectatives-comissio\/","title":{"rendered":"La Fira de Sant Miquel supera les expectatives de la Comissi\u00f3"},"content":{"rendered":"<p>La Comissi\u00f3 de la Fira de Sant Miquel ha tancat la\u00a0<span class=\"hiddenGrammarError\">26\u00aa<\/span> edici\u00f3 amb un balan\u00e7 positiu tot i la pluja de la tarda. Aquest any els carrers de Santpedor van comptar amb m\u00e9s d&#8217;un centenar de paradetes, concretament 112. El Regidor de Cultura i Educaci\u00f3, Agust\u00ed <span class=\"hiddenSpellError\">Comas<\/span>, ha atribu\u00eft l&#8217;\u00e8xit de l&#8217;edici\u00f3 en les noves activitats d&#8217;aquest any. I \u00e9s que tot i haver ampliat el nombre d&#8217;espais, ja que hi havia m\u00e9s parades i m\u00e9s activitats que l&#8217;any passat, el nombre de visitants ha seguit sent molt elevat. Sobretot durant l&#8217;hora punta del diumenge, de 12 a 2 del migdia.<\/p>\n<p>Entre les activitats amb m\u00e9s bona rebuda han destacat el correfoc, el concert del dissabte a la nit i el Planetari, que va acollir m\u00e9s de 300 persones tot i el mal temps. <span class=\"hiddenSpellError\">Comas<\/span> tamb\u00e9 destaca el Tast d&#8217;Olis, que va superar el nombre d&#8217;inscrits. Alguns dels visitants han atribu\u00eft l&#8217;\u00e8xit de la fira a l&#8217;artesania dels productes i a les actuacions de les entitats locals de Santpedor. La pla\u00e7a de l&#8217;Esgl\u00e9sia va acollir l&#8217;exhibici\u00f3 dels Castellers de Santpedor, la pla\u00e7a de l&#8217;Ajuntament el ball de bastoners dels Picarols i el nucli antic una vuitantena de puntaires de la vila i de la resta de la comarca.<\/p>\n<p><strong>Una fira consolidada<\/strong><\/p>\n<p>La Fira de Sant Miquel \u00e9s un acte que cada vegada est\u00e0 agafant m\u00e9s representaci\u00f3 a la comarca perqu\u00e8 ofereix un producte molt clar. El nucli antic va tornar a convertir-se en un aparador de productes alimentaris i t\u00e8xtils durant tot el cap de setmana, fet que els diferencia, tal com ha explicat Agust\u00ed\u00a0<span class=\"hiddenSpellError\">Comas<\/span>, d&#8217;una fira convencional.<\/p>\n<p>El Regidor tamb\u00e9 ha destacat que l&#8217;objectiu \u00e9s consolidar les novetats que s&#8217;han creat aquest any i veure si segueixen funcionant tan b\u00e9 d&#8217;aqu\u00ed a 2 anys. De moment, la Comissi\u00f3 no t\u00e9 previst afegir cap nou espai. La prioritat \u00e9s consolidar els d&#8217;aquesta edici\u00f3, com \u00e9s el cas del Correfoc, que va tornar per quedar-se.<\/p>\n<p>La Comissi\u00f3 ha tingut molt en compte el temps per fer una valoraci\u00f3 de la fira, ja que va condicionar tota la tarda de diumenge. \u00c9s per aix\u00f2 que <span class=\"hiddenSpellError\">Comas<\/span> explica que <span class=\"hiddenGrammarError\">&#8220;<\/span>fan una valoraci\u00f3 a mitges, perqu\u00e8 tant el sopar popular com el concert final de fira \u2013 que normalment s\u00f3n un \u00e8xit \u2013 es van haver de cancel\u00b7lar. Tot i aix\u00f2, la Comissi\u00f3 es reunir\u00e0 la setmana que ve per fer un balan\u00e7 i valorar qu\u00e8 ha funcionat i qu\u00e8 no.<\/p>\n<p>Aquest any compten amb la primera enquesta a peu de carrer, que els ha servit per con\u00e8ixer millor el tipus de p\u00fablic de la fira. L&#8217;enquesta inclo\u00efa preguntes com: \u00c9s el primer any que vens? Qu\u00e8 \u00e9s el que t&#8217;ha agradat m\u00e9s? Qu\u00e8 hi trobes a faltar? D&#8217;aquesta manera, l&#8217;Ajuntament disposar\u00e0 de m\u00e9s informaci\u00f3 sobre la qualitat de la fira i dels seus visitants. L&#8217;enquesta la van contestar unes 70 persones i es preveu tenir els resultats aquesta setmana que ve.<\/p>\n","protected":false},"excerpt":{"rendered":"<p>La Comissi\u00f3 de la Fira de Sant Miquel ha tancat la\u00a026\u00aa edici\u00f3 amb un balan\u00e7 positiu tot i la pluja de la tarda. Aquest any els carrers de Santpedor van comptar amb m\u00e9s d&#8217;un centenar de paradetes, concretament 112. El Regidor de Cultura i Educaci\u00f3, Agust\u00ed Comas, ha atribu\u00eft l&#8217;\u00e8xit de l&#8217;edici\u00f3 en les noves [&hellip;]<\/p>\n","protected":false},"author":2,"featured_media":5695,"comment_status":"open","ping_status":"open","sticky":false,"template":"","format":"standard","meta":{"footnotes":""},"categories":[3,136,137],"tags":[],"class_list":{"0":"post-5694","1":"post","2":"type-post","3":"status-publish","4":"format-standard","5":"has-post-thumbnail","7":"category-noticies","8":"category-politica-i-economia","9":"category-societat"},"_links":{"self":[{"href":"https:\/\/santpedor.net\/radio\/wp-json\/wp\/v2\/posts\/5694","targetHints":{"allow":["GET"]}}],"collection":[{"href":"https:\/\/santpedor.net\/radio\/wp-json\/wp\/v2\/posts"}],"about":[{"href":"https:\/\/santpedor.net\/radio\/wp-json\/wp\/v2\/types\/post"}],"author":[{"embeddable":true,"href":"https:\/\/santpedor.net\/radio\/wp-json\/wp\/v2\/users\/2"}],"replies":[{"embeddable":true,"href":"https:\/\/santpedor.net\/radio\/wp-json\/wp\/v2\/comments?post=5694"}],"version-history":[{"count":0,"href":"https:\/\/santpedor.net\/radio\/wp-json\/wp\/v2\/posts\/5694\/revisions"}],"wp:featuredmedia":[{"embeddable":true,"href":"https:\/\/santpedor.net\/radio\/wp-json\/wp\/v2\/media\/5695"}],"wp:attachment":[{"href":"https:\/\/santpedor.net\/radio\/wp-json\/wp\/v2\/media?parent=5694"}],"wp:term":[{"taxonomy":"category","embeddable":true,"href":"https:\/\/santpedor.net\/radio\/wp-json\/wp\/v2\/categories?post=5694"},{"taxonomy":"post_tag","embeddable":true,"href":"https:\/\/santpedor.net\/radio\/wp-json\/wp\/v2\/tags?post=5694"}],"curies":[{"name":"wp","href":"https:\/\/api.w.org\/{rel}","templated":true}]}}