{"id":5711,"date":"2016-10-02T14:01:25","date_gmt":"2016-10-02T14:01:25","guid":{"rendered":"http:\/\/santpedor.net\/radio\/?p=5711"},"modified":"2016-10-24T00:00:35","modified_gmt":"2016-10-23T22:00:35","slug":"estudiants-alemanys-marxen-satisfets-lestada-santpedor","status":"publish","type":"post","link":"https:\/\/santpedor.net\/radio\/estudiants-alemanys-marxen-satisfets-lestada-santpedor\/","title":{"rendered":"Els estudiants alemanys marxen satisfets de l&#8217;estada a Santpedor"},"content":{"rendered":"<p>Els estudiants de quart de l\u2019assignatura d\u2019alemany de l\u2019institut d\u2019Auro han estat, durant una setmana, amfitrions d\u2019un grup d\u2019alemanys de l\u2019institut Gudewill, de Thedinghausen, dins d\u2019un programa d\u2019intercanvi organitzat pels professors d\u2019alemany i espanyol dels dos centres.<\/p>\n<p>Des de dilluns fins a divendres, els alumnes\u00a0van assistir a l\u2019institut, on van fer classes d\u2019espanyol amb tots els cursos, i ho van combinar amb sortides i visites. En Hauke Kehlenbeck, un dels estudiants alemanys, ens ha explicat qu\u00e8 han fet durant aquests dies quan no estaven a classe.<\/p>\n<audio class=\"wp-audio-shortcode\" id=\"audio-5711-1\" preload=\"none\" style=\"width: 100%;\" controls=\"controls\"><source type=\"audio\/mpeg\" src=\"http:\/\/santpedor.net\/radio\/wp-content\/uploads\/2016\/10\/HAUKE-KEHLENBECK_DOBLAT.mp3?_=1\" \/><a href=\"http:\/\/santpedor.net\/radio\/wp-content\/uploads\/2016\/10\/HAUKE-KEHLENBECK_DOBLAT.mp3\">http:\/\/santpedor.net\/radio\/wp-content\/uploads\/2016\/10\/HAUKE-KEHLENBECK_DOBLAT.mp3<\/a><\/audio>\n<p>Despr\u00e9s, en Jannis Borrman deia quina havia estat la seva activitat preferida d\u2019aquests dies, Port Aventura.<\/p>\n<audio class=\"wp-audio-shortcode\" id=\"audio-5711-2\" preload=\"none\" style=\"width: 100%;\" controls=\"controls\"><source type=\"audio\/mpeg\" src=\"http:\/\/santpedor.net\/radio\/wp-content\/uploads\/2016\/10\/Jannis-Bormann_doblat.mp3?_=2\" \/><a href=\"http:\/\/santpedor.net\/radio\/wp-content\/uploads\/2016\/10\/Jannis-Bormann_doblat.mp3\">http:\/\/santpedor.net\/radio\/wp-content\/uploads\/2016\/10\/Jannis-Bormann_doblat.mp3<\/a><\/audio>\n<p>La Maria Rubio, una estudiant de l\u2019institut del poble que va acollir un dels alemanys, ha valorat l\u2019experi\u00e8ncia.<\/p>\n<audio class=\"wp-audio-shortcode\" id=\"audio-5711-3\" preload=\"none\" style=\"width: 100%;\" controls=\"controls\"><source type=\"audio\/mpeg\" src=\"http:\/\/santpedor.net\/radio\/wp-content\/uploads\/2016\/10\/Tall-M-Rubio.mp3?_=3\" \/><a href=\"http:\/\/santpedor.net\/radio\/wp-content\/uploads\/2016\/10\/Tall-M-Rubio.mp3\">http:\/\/santpedor.net\/radio\/wp-content\/uploads\/2016\/10\/Tall-M-Rubio.mp3<\/a><\/audio>\n<p>Com que \u00e9s un intercanvi, significa que els estudiants d\u2019aqu\u00ed tamb\u00e9 hauran d\u2019anar a Alemanya, a principis d\u2019abril de l\u2019any que ve, on aprofitaran per aprendre la llengua i la cultura del pa\u00eds. All\u00e0, per\u00f2, tamb\u00e9 hauran de treballar, ja que durant la sortida faran el treball de s\u00edntesi, un projecte que es fa cada any durant l\u2019ESO, amb temes tan diversos com l\u2019aigua, els pobles de muntanya, la ciutat o l\u2019elaboraci\u00f3 d\u2019un curt.<\/p>\n<p>La X\u00e8nia Pons parla del que s\u2019esperen quan arribin all\u00e0 la pr\u00f2xima primavera.<\/p>\n<audio class=\"wp-audio-shortcode\" id=\"audio-5711-4\" preload=\"none\" style=\"width: 100%;\" controls=\"controls\"><source type=\"audio\/mpeg\" src=\"http:\/\/santpedor.net\/radio\/wp-content\/uploads\/2016\/10\/Tall-X-Pons.mp3?_=4\" \/><a href=\"http:\/\/santpedor.net\/radio\/wp-content\/uploads\/2016\/10\/Tall-X-Pons.mp3\">http:\/\/santpedor.net\/radio\/wp-content\/uploads\/2016\/10\/Tall-X-Pons.mp3<\/a><\/audio>\n<p>Amb tot, els estudiants d&#8217;intercanvi ja han arribat a Alemanya i s&#8217;han mostrat molt satisfets de l&#8217;estada a Santpedor.<\/p>\n","protected":false},"excerpt":{"rendered":"<p>Els estudiants de quart de l\u2019assignatura d\u2019alemany de l\u2019institut d\u2019Auro han estat, durant una setmana, amfitrions d\u2019un grup d\u2019alemanys de l\u2019institut Gudewill, de Thedinghausen, dins d\u2019un programa d\u2019intercanvi organitzat pels professors d\u2019alemany i espanyol dels dos centres. Des de dilluns fins a divendres, els alumnes\u00a0van assistir a l\u2019institut, on van fer classes d\u2019espanyol amb tots [&hellip;]<\/p>\n","protected":false},"author":2,"featured_media":5716,"comment_status":"open","ping_status":"open","sticky":false,"template":"","format":"standard","meta":{"footnotes":""},"categories":[3,137],"tags":[548,46],"class_list":{"0":"post-5711","1":"post","2":"type-post","3":"status-publish","4":"format-standard","5":"has-post-thumbnail","7":"category-noticies","8":"category-societat","9":"tag-gudewill-de-thedinghausen","10":"tag-ies-dauro"},"_links":{"self":[{"href":"https:\/\/santpedor.net\/radio\/wp-json\/wp\/v2\/posts\/5711","targetHints":{"allow":["GET"]}}],"collection":[{"href":"https:\/\/santpedor.net\/radio\/wp-json\/wp\/v2\/posts"}],"about":[{"href":"https:\/\/santpedor.net\/radio\/wp-json\/wp\/v2\/types\/post"}],"author":[{"embeddable":true,"href":"https:\/\/santpedor.net\/radio\/wp-json\/wp\/v2\/users\/2"}],"replies":[{"embeddable":true,"href":"https:\/\/santpedor.net\/radio\/wp-json\/wp\/v2\/comments?post=5711"}],"version-history":[{"count":0,"href":"https:\/\/santpedor.net\/radio\/wp-json\/wp\/v2\/posts\/5711\/revisions"}],"wp:featuredmedia":[{"embeddable":true,"href":"https:\/\/santpedor.net\/radio\/wp-json\/wp\/v2\/media\/5716"}],"wp:attachment":[{"href":"https:\/\/santpedor.net\/radio\/wp-json\/wp\/v2\/media?parent=5711"}],"wp:term":[{"taxonomy":"category","embeddable":true,"href":"https:\/\/santpedor.net\/radio\/wp-json\/wp\/v2\/categories?post=5711"},{"taxonomy":"post_tag","embeddable":true,"href":"https:\/\/santpedor.net\/radio\/wp-json\/wp\/v2\/tags?post=5711"}],"curies":[{"name":"wp","href":"https:\/\/api.w.org\/{rel}","templated":true}]}}