{"id":5720,"date":"2016-10-03T07:28:05","date_gmt":"2016-10-03T07:28:05","guid":{"rendered":"http:\/\/santpedor.net\/radio\/?p=5720"},"modified":"2016-10-24T00:00:35","modified_gmt":"2016-10-23T22:00:35","slug":"lateneu-popular-considera-exit-taverna-fira","status":"publish","type":"post","link":"https:\/\/santpedor.net\/radio\/lateneu-popular-considera-exit-taverna-fira\/","title":{"rendered":"L&#8217;Ateneu Popular considera tot un \u00e8xit la Taverna de la Fira"},"content":{"rendered":"<p>Els col\u00b7lectius que formen part de l&#8217;Ateneu Popular Ca la Teia han valorat positivament aquesta darrera edici\u00f3 de la Taverna Popular de la Fira. Els organitzadors han assegurat que es tracta d\u2019un acte molt consolidat al poble, sobretot pel que fa al diumenge. De fet, un dels voluntaris de Ca La Teia, Aniol Vila, ha destacat la gran assist\u00e8ncia del diumenge de fira i s\u2019ha molt mostrat satisfet amb la varietat dels assistents.<\/p>\n<audio class=\"wp-audio-shortcode\" id=\"audio-5720-1\" preload=\"none\" style=\"width: 100%;\" controls=\"controls\"><source type=\"audio\/mpeg\" src=\"http:\/\/santpedor.net\/radio\/wp-content\/uploads\/2016\/10\/Tall-Aniol-1-1.mp3?_=1\" \/><a href=\"http:\/\/santpedor.net\/radio\/wp-content\/uploads\/2016\/10\/Tall-Aniol-1-1.mp3\">http:\/\/santpedor.net\/radio\/wp-content\/uploads\/2016\/10\/Tall-Aniol-1-1.mp3<\/a><\/audio>\n<p>Aquest any la Taverna Popular va celebrar actes en motiu de la Fira de Sant Miquel durant el divendres, el dissabte i el diumenge. Amb tot, l\u2019organitzaci\u00f3 ha valorat positivament l\u2019assist\u00e8ncia del divendres, ja que la Bikinada Popular va reunir unes 100 persones. Dissabte van treure la Taverna Popular per primer cop al carrer aprofitant l\u2019escac i tast. Tamb\u00e9 ha afegit que durant el Tast de Cerveses es van exhaurir tots els tikets.<\/p>\n<p>El dia m\u00e9s multitudinari per\u00f2, va ser diumenge. La gran quantitat d\u2019assistents va deixar a l\u2019organitzaci\u00f3 de la Taverna sense exist\u00e8ncies.\u00a0 De fet, durant l\u2019hora del vermut molta gent es va quedar sense poder seure i el col\u00b7lectiu de la Granera va haver de fer fins a 5 paelles per la paellada popular. Per altra banda, Vila tamb\u00e9 ha destacat l\u2019\u00e8xit de l\u2019edici\u00f3 del karaoke d\u2019aquest any, que va reunir gaireb\u00e9 200 persones fins les 11 del vespre.<\/p>\n<p>De cara l\u2019any que ve, l\u2019organitzaci\u00f3 considerar\u00e0 ampliar l\u2019espai perqu\u00e8 tot i ser un lloc molt acollidor el diumenge de fira es fa petit. Per altra banda, tamb\u00e9 intentaran incorporar contingut pol\u00edtic, que sempre formava part del programa, i m\u00e9s propostes musicals de cara el divendres.<\/p>\n<p>Vist l\u2019\u00e8xit d\u2019aquest any, l\u2019objectiu de la Taverna \u00e9s seguir mantenint el format, ja que defensen que el que fa l\u2019espai \u00e9s contribuir a generar un ambient agradable i interessant de relacions entre els diferents assistents. Pel col\u00b7lectiu, \u00e9s recuperar una mica l\u2019ess\u00e8ncia del que \u00e9s la Festa Major de Santpedor.<\/p>\n","protected":false},"excerpt":{"rendered":"<p>Els col\u00b7lectius que formen part de l&#8217;Ateneu Popular Ca la Teia han valorat positivament aquesta darrera edici\u00f3 de la Taverna Popular de la Fira. Els organitzadors han assegurat que es tracta d\u2019un acte molt consolidat al poble, sobretot pel que fa al diumenge. De fet, un dels voluntaris de Ca La Teia, Aniol Vila, ha [&hellip;]<\/p>\n","protected":false},"author":2,"featured_media":5722,"comment_status":"open","ping_status":"open","sticky":false,"template":"","format":"standard","meta":{"footnotes":""},"categories":[236,3],"tags":[113,549],"class_list":{"0":"post-5720","1":"post","2":"type-post","3":"status-publish","4":"format-standard","5":"has-post-thumbnail","7":"category-entitats-i-cultura","8":"category-noticies","9":"tag-santpedor","10":"tag-taverna-popular-de-la-fira"},"_links":{"self":[{"href":"https:\/\/santpedor.net\/radio\/wp-json\/wp\/v2\/posts\/5720","targetHints":{"allow":["GET"]}}],"collection":[{"href":"https:\/\/santpedor.net\/radio\/wp-json\/wp\/v2\/posts"}],"about":[{"href":"https:\/\/santpedor.net\/radio\/wp-json\/wp\/v2\/types\/post"}],"author":[{"embeddable":true,"href":"https:\/\/santpedor.net\/radio\/wp-json\/wp\/v2\/users\/2"}],"replies":[{"embeddable":true,"href":"https:\/\/santpedor.net\/radio\/wp-json\/wp\/v2\/comments?post=5720"}],"version-history":[{"count":0,"href":"https:\/\/santpedor.net\/radio\/wp-json\/wp\/v2\/posts\/5720\/revisions"}],"wp:featuredmedia":[{"embeddable":true,"href":"https:\/\/santpedor.net\/radio\/wp-json\/wp\/v2\/media\/5722"}],"wp:attachment":[{"href":"https:\/\/santpedor.net\/radio\/wp-json\/wp\/v2\/media?parent=5720"}],"wp:term":[{"taxonomy":"category","embeddable":true,"href":"https:\/\/santpedor.net\/radio\/wp-json\/wp\/v2\/categories?post=5720"},{"taxonomy":"post_tag","embeddable":true,"href":"https:\/\/santpedor.net\/radio\/wp-json\/wp\/v2\/tags?post=5720"}],"curies":[{"name":"wp","href":"https:\/\/api.w.org\/{rel}","templated":true}]}}