{"id":5731,"date":"2016-10-07T09:18:55","date_gmt":"2016-10-07T09:18:55","guid":{"rendered":"http:\/\/santpedor.net\/radio\/?p=5731"},"modified":"2016-10-24T00:00:35","modified_gmt":"2016-10-23T22:00:35","slug":"visitants-aproven-notable-fira-sant-miquel","status":"publish","type":"post","link":"https:\/\/santpedor.net\/radio\/visitants-aproven-notable-fira-sant-miquel\/","title":{"rendered":"Els visitants aproven amb un notable la Fira de Sant Miquel"},"content":{"rendered":"<p>Aquesta setmana la Comissi\u00f3 de la Fira de Sant Miquel s\u2019ha reunit per posar sobre la taula els resultats de la primera enquesta a peu de carrer, que es va fer amb l\u2019objectiu de con\u00e8ixer millor el tipus de p\u00fablic de la fira.<\/p>\n<p>Van contestar l&#8217;enquesta 97 persones. El Regidor de Cultura, Agust\u00ed Comas, ha explicat que la idea era arribar a les 100 per\u00f2 a causa de la pluja es va haver d\u2019aturar a les 6 de la tarda.<\/p>\n<p>La valoraci\u00f3 de la fira per part dels visitants t\u00e9 una nota de 4,3 sobre 5. Una altra dada a tenir en compte \u00e9s que quasi el 20% dels enquestats que venien per primera vegada eren de fora de la comarca. Havien obtingut la informaci\u00f3 pels portals d&#8217;Internet, i responien que probablement tornarien l&#8217;any vinent.<\/p>\n<p>Segons els resultats de l\u2019enquesta, el que ha agradat m\u00e9s s\u00f3n la tipologia de les parades i la seva distribuci\u00f3, els m\u00fasics al carrer i l&#8217;entorn en qu\u00e8 es fa la fira, \u00e9s a dir, tota la zona del cast antic de Santpedor. De fet, la Fira de Sant Miquel destaca per ser un aparador de productes alimentaris i t\u00e8xtils i de cultura popular.<\/p>\n<p>El que ha agradat menys als visitants s\u00f3n algunes parades de joguines i la dificultat per aparcar. La distribuci\u00f3 de l&#8217;aparcament ser\u00e0 un dels temes prioritaris de cara l&#8217;edici\u00f3 de l&#8217;any que ve. Dels suggeriments recollits, s\u2019ha demanat la possibilitat de cr\u00e9ixer en productes d&#8217;artesania i en actuacions de m\u00fasics. Per altra banda, i com es preveia, els visitants tamb\u00e9 volen que es consolidi l&#8217;espai infantil, que va tenir una gran rebuda el diumenge de fira. De fet, el Planetari va acollir m\u00e9s de 300 persones tot i el mal temps.<\/p>\n<p>Els resultats han servit a la Comissi\u00f3 per tenir m\u00e9s informaci\u00f3 sobre la qualitat de la fira i millorar, a partir d&#8217;ara,\u00a0els\u00a0espais i les activitats al gust dels visitants. La Comissi\u00f3 es reunir\u00e0 el 2017 i plantejar\u00e0 tots aquests resultats.<\/p>\n","protected":false},"excerpt":{"rendered":"<p>Aquesta setmana la Comissi\u00f3 de la Fira de Sant Miquel s\u2019ha reunit per posar sobre la taula els resultats de la primera enquesta a peu de carrer, que es va fer amb l\u2019objectiu de con\u00e8ixer millor el tipus de p\u00fablic de la fira. Van contestar l&#8217;enquesta 97 persones. El Regidor de Cultura, Agust\u00ed Comas, ha [&hellip;]<\/p>\n","protected":false},"author":2,"featured_media":5732,"comment_status":"open","ping_status":"open","sticky":false,"template":"","format":"standard","meta":{"footnotes":""},"categories":[3,137],"tags":[82,113],"class_list":{"0":"post-5731","1":"post","2":"type-post","3":"status-publish","4":"format-standard","5":"has-post-thumbnail","7":"category-noticies","8":"category-societat","9":"tag-fira-de-sant-miquel","10":"tag-santpedor"},"_links":{"self":[{"href":"https:\/\/santpedor.net\/radio\/wp-json\/wp\/v2\/posts\/5731","targetHints":{"allow":["GET"]}}],"collection":[{"href":"https:\/\/santpedor.net\/radio\/wp-json\/wp\/v2\/posts"}],"about":[{"href":"https:\/\/santpedor.net\/radio\/wp-json\/wp\/v2\/types\/post"}],"author":[{"embeddable":true,"href":"https:\/\/santpedor.net\/radio\/wp-json\/wp\/v2\/users\/2"}],"replies":[{"embeddable":true,"href":"https:\/\/santpedor.net\/radio\/wp-json\/wp\/v2\/comments?post=5731"}],"version-history":[{"count":0,"href":"https:\/\/santpedor.net\/radio\/wp-json\/wp\/v2\/posts\/5731\/revisions"}],"wp:featuredmedia":[{"embeddable":true,"href":"https:\/\/santpedor.net\/radio\/wp-json\/wp\/v2\/media\/5732"}],"wp:attachment":[{"href":"https:\/\/santpedor.net\/radio\/wp-json\/wp\/v2\/media?parent=5731"}],"wp:term":[{"taxonomy":"category","embeddable":true,"href":"https:\/\/santpedor.net\/radio\/wp-json\/wp\/v2\/categories?post=5731"},{"taxonomy":"post_tag","embeddable":true,"href":"https:\/\/santpedor.net\/radio\/wp-json\/wp\/v2\/tags?post=5731"}],"curies":[{"name":"wp","href":"https:\/\/api.w.org\/{rel}","templated":true}]}}